{"id":8124,"date":"2022-10-12T08:52:20","date_gmt":"2022-10-12T11:52:20","guid":{"rendered":"http:\/\/www.obispadorqta.org.ar\/v3\/?p=8124"},"modified":"2022-10-12T08:53:35","modified_gmt":"2022-10-12T11:53:35","slug":"ministerio-del-acolitado-6","status":"publish","type":"post","link":"https:\/\/www.obispadorqta.org.ar\/v3\/ministerio-del-acolitado-6\/","title":{"rendered":"Ministerio del Acolitado"},"content":{"rendered":"<p style=\"text-align: justify;\"><span style=\"color: #000000;\">Con alegr\u00eda comunicamos que el d\u00eda s\u00e1bado 15 de octubre, a las 18 hs., en la Capilla del Barrio Luj\u00e1n de la Parroquia Mar\u00eda Madre, el Obispo Diocesano, Mons. \u00c1ngel Jos\u00e9 Mac\u00edn, presidir\u00e1 la Eucarist\u00eda en la cual conferir\u00e1 el ministerio del acolitado al candidato al Diaconado Permanente, Sr. V\u00edctor Hugo Gonz\u00e1lez.<\/span><\/p>\n<p style=\"text-align: justify;\"><span style=\"color: #000000;\">Invitamos a acompa\u00f1arlo con nuestra oraci\u00f3n y nuestra presencia y seguir rezando por el crecimiento de las vocaciones de servicio en nuestra Iglesia Particular.<\/span><\/p>\n<p style=\"text-align: justify;\"><span style=\"color: #000000;\"><img loading=\"lazy\" decoding=\"async\" class=\"aligncenter  wp-image-8125\" src=\"https:\/\/www.obispadorqta.org.ar\/v3\/wp-content\/uploads\/2022\/10\/IMG-20221011-WA0007.jpg\" alt=\"\" width=\"468\" height=\"754\" srcset=\"https:\/\/www.obispadorqta.org.ar\/v3\/wp-content\/uploads\/2022\/10\/IMG-20221011-WA0007.jpg 794w, https:\/\/www.obispadorqta.org.ar\/v3\/wp-content\/uploads\/2022\/10\/IMG-20221011-WA0007-186x300.jpg 186w, https:\/\/www.obispadorqta.org.ar\/v3\/wp-content\/uploads\/2022\/10\/IMG-20221011-WA0007-635x1024.jpg 635w, https:\/\/www.obispadorqta.org.ar\/v3\/wp-content\/uploads\/2022\/10\/IMG-20221011-WA0007-768x1238.jpg 768w\" sizes=\"auto, (max-width: 468px) 100vw, 468px\" \/><\/span><\/p>\n","protected":false},"excerpt":{"rendered":"<div class=\"mh-excerpt\"><p>Con alegr\u00eda comunicamos que el d\u00eda s\u00e1bado 15 de octubre, a las 18 hs., en la Capilla del Barrio Luj\u00e1n de la Parroquia Mar\u00eda Madre, <a class=\"mh-excerpt-more\" href=\"https:\/\/www.obispadorqta.org.ar\/v3\/ministerio-del-acolitado-6\/\" title=\"Ministerio del Acolitado\">[&#8230;]<\/a><\/p>\n<\/div>","protected":false},"author":3,"featured_media":7139,"comment_status":"closed","ping_status":"open","sticky":false,"template":"","format":"standard","meta":{"footnotes":""},"categories":[6,28],"tags":[],"class_list":["post-8124","post","type-post","status-publish","format-standard","has-post-thumbnail","hentry","category-news","category-latest-news"],"_links":{"self":[{"href":"https:\/\/www.obispadorqta.org.ar\/v3\/wp-json\/wp\/v2\/posts\/8124","targetHints":{"allow":["GET"]}}],"collection":[{"href":"https:\/\/www.obispadorqta.org.ar\/v3\/wp-json\/wp\/v2\/posts"}],"about":[{"href":"https:\/\/www.obispadorqta.org.ar\/v3\/wp-json\/wp\/v2\/types\/post"}],"author":[{"embeddable":true,"href":"https:\/\/www.obispadorqta.org.ar\/v3\/wp-json\/wp\/v2\/users\/3"}],"replies":[{"embeddable":true,"href":"https:\/\/www.obispadorqta.org.ar\/v3\/wp-json\/wp\/v2\/comments?post=8124"}],"version-history":[{"count":2,"href":"https:\/\/www.obispadorqta.org.ar\/v3\/wp-json\/wp\/v2\/posts\/8124\/revisions"}],"predecessor-version":[{"id":8127,"href":"https:\/\/www.obispadorqta.org.ar\/v3\/wp-json\/wp\/v2\/posts\/8124\/revisions\/8127"}],"wp:featuredmedia":[{"embeddable":true,"href":"https:\/\/www.obispadorqta.org.ar\/v3\/wp-json\/wp\/v2\/media\/7139"}],"wp:attachment":[{"href":"https:\/\/www.obispadorqta.org.ar\/v3\/wp-json\/wp\/v2\/media?parent=8124"}],"wp:term":[{"taxonomy":"category","embeddable":true,"href":"https:\/\/www.obispadorqta.org.ar\/v3\/wp-json\/wp\/v2\/categories?post=8124"},{"taxonomy":"post_tag","embeddable":true,"href":"https:\/\/www.obispadorqta.org.ar\/v3\/wp-json\/wp\/v2\/tags?post=8124"}],"curies":[{"name":"wp","href":"https:\/\/api.w.org\/{rel}","templated":true}]}}