{"id":8129,"date":"2022-10-12T10:57:20","date_gmt":"2022-10-12T13:57:20","guid":{"rendered":"http:\/\/www.obispadorqta.org.ar\/v3\/?p=8129"},"modified":"2022-10-12T11:00:26","modified_gmt":"2022-10-12T14:00:26","slug":"festividad-de-santa-teresa","status":"publish","type":"post","link":"https:\/\/www.obispadorqta.org.ar\/v3\/festividad-de-santa-teresa\/","title":{"rendered":"Festividad de Santa Teresa"},"content":{"rendered":"<p style=\"text-align: justify;\"><span style=\"color: #000000;\">La comunidad de las Carmelitas Descalzas celebra este s\u00e1bado 15 de octubre la festividad de Santa Teresa de Jes\u00fas, fundadora de esta congregaci\u00f3n tras su reforma de la Orden del Carmelo.<\/span><\/p>\n<p style=\"text-align: justify;\"><span style=\"color: #000000;\">La Eucarist\u00eda ser\u00e1 presidida por el obispo diocesano, Mons. \u00c1ngel Jos\u00e9 Mac\u00edn, a las 10.30 hs. en el Monasterio San Jos\u00e9 de nuestra di\u00f3cesis, en el Barrio Lancero del Sauce de Reconquista.<\/span><\/p>\n","protected":false},"excerpt":{"rendered":"<div class=\"mh-excerpt\"><p>La comunidad de las Carmelitas Descalzas celebra este s\u00e1bado 15 de octubre la festividad de Santa Teresa de Jes\u00fas, fundadora de esta congregaci\u00f3n tras su <a class=\"mh-excerpt-more\" href=\"https:\/\/www.obispadorqta.org.ar\/v3\/festividad-de-santa-teresa\/\" title=\"Festividad de Santa Teresa\">[&#8230;]<\/a><\/p>\n<\/div>","protected":false},"author":3,"featured_media":8133,"comment_status":"closed","ping_status":"open","sticky":false,"template":"","format":"standard","meta":{"footnotes":""},"categories":[6,28],"tags":[],"class_list":["post-8129","post","type-post","status-publish","format-standard","has-post-thumbnail","hentry","category-news","category-latest-news"],"_links":{"self":[{"href":"https:\/\/www.obispadorqta.org.ar\/v3\/wp-json\/wp\/v2\/posts\/8129","targetHints":{"allow":["GET"]}}],"collection":[{"href":"https:\/\/www.obispadorqta.org.ar\/v3\/wp-json\/wp\/v2\/posts"}],"about":[{"href":"https:\/\/www.obispadorqta.org.ar\/v3\/wp-json\/wp\/v2\/types\/post"}],"author":[{"embeddable":true,"href":"https:\/\/www.obispadorqta.org.ar\/v3\/wp-json\/wp\/v2\/users\/3"}],"replies":[{"embeddable":true,"href":"https:\/\/www.obispadorqta.org.ar\/v3\/wp-json\/wp\/v2\/comments?post=8129"}],"version-history":[{"count":1,"href":"https:\/\/www.obispadorqta.org.ar\/v3\/wp-json\/wp\/v2\/posts\/8129\/revisions"}],"predecessor-version":[{"id":8131,"href":"https:\/\/www.obispadorqta.org.ar\/v3\/wp-json\/wp\/v2\/posts\/8129\/revisions\/8131"}],"wp:featuredmedia":[{"embeddable":true,"href":"https:\/\/www.obispadorqta.org.ar\/v3\/wp-json\/wp\/v2\/media\/8133"}],"wp:attachment":[{"href":"https:\/\/www.obispadorqta.org.ar\/v3\/wp-json\/wp\/v2\/media?parent=8129"}],"wp:term":[{"taxonomy":"category","embeddable":true,"href":"https:\/\/www.obispadorqta.org.ar\/v3\/wp-json\/wp\/v2\/categories?post=8129"},{"taxonomy":"post_tag","embeddable":true,"href":"https:\/\/www.obispadorqta.org.ar\/v3\/wp-json\/wp\/v2\/tags?post=8129"}],"curies":[{"name":"wp","href":"https:\/\/api.w.org\/{rel}","templated":true}]}}