{"id":8137,"date":"2022-10-12T11:32:59","date_gmt":"2022-10-12T14:32:59","guid":{"rendered":"http:\/\/www.obispadorqta.org.ar\/v3\/?p=8137"},"modified":"2022-10-12T11:33:30","modified_gmt":"2022-10-12T14:33:30","slug":"presentan-en-la-cea-la-sintesis-nacional-del-sinodo","status":"publish","type":"post","link":"https:\/\/www.obispadorqta.org.ar\/v3\/presentan-en-la-cea-la-sintesis-nacional-del-sinodo\/","title":{"rendered":"Presentan en la CEA la s\u00edntesis nacional del s\u00ednodo"},"content":{"rendered":"<p style=\"text-align: justify;\">El presidente de la Conferencia Episcopal Argentina, monse\u00f1or Oscar Ojea, junto con el equipo episcopal de animaci\u00f3n sinodal, el cual integra el obispo diocesano, Mons. \u00c1ngel Jos\u00e9 Mac\u00edn, y peritos de este equipo, presentar\u00e1n la s\u00edntesis nacional de la etapa de escucha del camino sinodal.<\/p>\n<p style=\"text-align: justify;\">El acto se llevar\u00e1 a cabo en la sede de la Conferencia Episcopal Argentina (Suipacha 1034, Ciudad de Buenos Aires), el jueves 13 de octubre a las 18 hs.<\/p>\n<p style=\"text-align: justify;\">El documento, que recoge las expresiones que el pueblo de Dios en la Argentina manifest\u00f3 en este recorrido, ya fue presentado a la Santa Sede.<img loading=\"lazy\" decoding=\"async\" class=\"aligncenter  wp-image-8140\" src=\"https:\/\/www.obispadorqta.org.ar\/v3\/wp-content\/uploads\/2022\/10\/IMG-20221012-WA0003-1.jpg\" alt=\"\" width=\"447\" height=\"447\" srcset=\"https:\/\/www.obispadorqta.org.ar\/v3\/wp-content\/uploads\/2022\/10\/IMG-20221012-WA0003-1.jpg 750w, https:\/\/www.obispadorqta.org.ar\/v3\/wp-content\/uploads\/2022\/10\/IMG-20221012-WA0003-1-300x300.jpg 300w, https:\/\/www.obispadorqta.org.ar\/v3\/wp-content\/uploads\/2022\/10\/IMG-20221012-WA0003-1-150x150.jpg 150w\" sizes=\"auto, (max-width: 447px) 100vw, 447px\" \/><\/p>\n<p style=\"text-align: justify;\">Durante esta primera fase, se registr\u00f3 una participaci\u00f3n de m\u00e1s del 95% de las comunidades del pa\u00eds, que se dieron la oportunidad de de hablar y ser escuchados, con un gran compromiso y responsabilidad.<\/p>\n<p>La s\u00edntesis de lo trabajado puede consultarse en\u00a0<a href=\"https:\/\/episcopado.org\/assetsweb\/cont\/3469\/argentina_sintesis_final_sinodo_21-23.pdf\" target=\"_blank\" rel=\"noopener noreferrer\">este enlace<\/a>.<\/p>\n<p>El s\u00ednodo convocado por el Papa, que tiene como lema \u00abPor una Iglesia sinodal: comuni\u00f3n, participaci\u00f3n y misi\u00f3n\u00bb, comenz\u00f3 en 2021 y se extender\u00e1 hasta 2023.<\/p>\n<p>El paso siguiente consiste en la etapa continental, donde se podr\u00e1 sintonizar lo trabajado localmente con las realidades de los pa\u00edses de Am\u00e9rica Latina y el Caribe, para luego elevar esas conclusiones de cara a la etapa universal.<\/p>\n<p>Desde la Conferencia Episcopal Argentina solicitan a quienes deseen participar del acto de presentaci\u00f3n, confirmar su asistencia enviando un correo electr\u00f3nico a\u00a0<a href=\"mailto:prensa@cea.org.ar\" target=\"_blank\" rel=\"noopener noreferrer\">prensa@cea.org.ar<\/a>.+<\/p>\n","protected":false},"excerpt":{"rendered":"<div class=\"mh-excerpt\"><p>El presidente de la Conferencia Episcopal Argentina, monse\u00f1or Oscar Ojea, junto con el equipo episcopal de animaci\u00f3n sinodal, el cual integra el obispo diocesano, Mons. <a class=\"mh-excerpt-more\" href=\"https:\/\/www.obispadorqta.org.ar\/v3\/presentan-en-la-cea-la-sintesis-nacional-del-sinodo\/\" title=\"Presentan en la CEA la s\u00edntesis nacional del s\u00ednodo\">[&#8230;]<\/a><\/p>\n<\/div>","protected":false},"author":3,"featured_media":8144,"comment_status":"closed","ping_status":"open","sticky":false,"template":"","format":"standard","meta":{"footnotes":""},"categories":[6,28],"tags":[],"class_list":["post-8137","post","type-post","status-publish","format-standard","has-post-thumbnail","hentry","category-news","category-latest-news"],"_links":{"self":[{"href":"https:\/\/www.obispadorqta.org.ar\/v3\/wp-json\/wp\/v2\/posts\/8137","targetHints":{"allow":["GET"]}}],"collection":[{"href":"https:\/\/www.obispadorqta.org.ar\/v3\/wp-json\/wp\/v2\/posts"}],"about":[{"href":"https:\/\/www.obispadorqta.org.ar\/v3\/wp-json\/wp\/v2\/types\/post"}],"author":[{"embeddable":true,"href":"https:\/\/www.obispadorqta.org.ar\/v3\/wp-json\/wp\/v2\/users\/3"}],"replies":[{"embeddable":true,"href":"https:\/\/www.obispadorqta.org.ar\/v3\/wp-json\/wp\/v2\/comments?post=8137"}],"version-history":[{"count":3,"href":"https:\/\/www.obispadorqta.org.ar\/v3\/wp-json\/wp\/v2\/posts\/8137\/revisions"}],"predecessor-version":[{"id":8145,"href":"https:\/\/www.obispadorqta.org.ar\/v3\/wp-json\/wp\/v2\/posts\/8137\/revisions\/8145"}],"wp:featuredmedia":[{"embeddable":true,"href":"https:\/\/www.obispadorqta.org.ar\/v3\/wp-json\/wp\/v2\/media\/8144"}],"wp:attachment":[{"href":"https:\/\/www.obispadorqta.org.ar\/v3\/wp-json\/wp\/v2\/media?parent=8137"}],"wp:term":[{"taxonomy":"category","embeddable":true,"href":"https:\/\/www.obispadorqta.org.ar\/v3\/wp-json\/wp\/v2\/categories?post=8137"},{"taxonomy":"post_tag","embeddable":true,"href":"https:\/\/www.obispadorqta.org.ar\/v3\/wp-json\/wp\/v2\/tags?post=8137"}],"curies":[{"name":"wp","href":"https:\/\/api.w.org\/{rel}","templated":true}]}}