{"id":8146,"date":"2022-10-13T11:58:28","date_gmt":"2022-10-13T14:58:28","guid":{"rendered":"http:\/\/www.obispadorqta.org.ar\/v3\/?p=8146"},"modified":"2022-10-13T11:58:54","modified_gmt":"2022-10-13T14:58:54","slug":"campamento-de-monaguillos","status":"publish","type":"post","link":"https:\/\/www.obispadorqta.org.ar\/v3\/campamento-de-monaguillos\/","title":{"rendered":"Campamento de Monaguillos"},"content":{"rendered":"<p style=\"text-align: justify;\">Se realizar\u00e1 los d\u00edas 29 y 30 de octubre en la Parroquia La Encarnaci\u00f3n del Se\u00f1or de La Sarita, y contar\u00e1 con la participaci\u00f3n de Monaguillos varones de toda la Di\u00f3cesis de Reconquista.<\/p>\n<p style=\"text-align: justify;\">Se dar\u00e1 comienzo el d\u00eda s\u00e1bado 29 de octubre a las 9:00 hs y finalizar\u00e1 el domingo 30 a las 16 hs. con la Misa de cierre.<\/p>\n<p style=\"text-align: justify;\">Este campamento ser\u00e1 llevado a cabo por los seminaristas de la di\u00f3cesis junto con el P. Adri\u00e1n Fun, p\u00e1rroco de la Parroquia Santa Ana de Florencia, y se contara con la compa\u00f1\u00eda de algunos padres de los chicos.<\/p>\n<p style=\"text-align: justify;\">Invitamos a acompa\u00f1ar con la oraci\u00f3n tanto a los participantes como los coordinadores de este campamento.<\/p>\n","protected":false},"excerpt":{"rendered":"<div class=\"mh-excerpt\"><p>Se realizar\u00e1 los d\u00edas 29 y 30 de octubre en la Parroquia La Encarnaci\u00f3n del Se\u00f1or de La Sarita, y contar\u00e1 con la participaci\u00f3n de <a class=\"mh-excerpt-more\" href=\"https:\/\/www.obispadorqta.org.ar\/v3\/campamento-de-monaguillos\/\" title=\"Campamento de Monaguillos\">[&#8230;]<\/a><\/p>\n<\/div>","protected":false},"author":3,"featured_media":8147,"comment_status":"closed","ping_status":"open","sticky":false,"template":"","format":"standard","meta":{"footnotes":""},"categories":[6,28],"tags":[],"class_list":["post-8146","post","type-post","status-publish","format-standard","has-post-thumbnail","hentry","category-news","category-latest-news"],"_links":{"self":[{"href":"https:\/\/www.obispadorqta.org.ar\/v3\/wp-json\/wp\/v2\/posts\/8146","targetHints":{"allow":["GET"]}}],"collection":[{"href":"https:\/\/www.obispadorqta.org.ar\/v3\/wp-json\/wp\/v2\/posts"}],"about":[{"href":"https:\/\/www.obispadorqta.org.ar\/v3\/wp-json\/wp\/v2\/types\/post"}],"author":[{"embeddable":true,"href":"https:\/\/www.obispadorqta.org.ar\/v3\/wp-json\/wp\/v2\/users\/3"}],"replies":[{"embeddable":true,"href":"https:\/\/www.obispadorqta.org.ar\/v3\/wp-json\/wp\/v2\/comments?post=8146"}],"version-history":[{"count":1,"href":"https:\/\/www.obispadorqta.org.ar\/v3\/wp-json\/wp\/v2\/posts\/8146\/revisions"}],"predecessor-version":[{"id":8148,"href":"https:\/\/www.obispadorqta.org.ar\/v3\/wp-json\/wp\/v2\/posts\/8146\/revisions\/8148"}],"wp:featuredmedia":[{"embeddable":true,"href":"https:\/\/www.obispadorqta.org.ar\/v3\/wp-json\/wp\/v2\/media\/8147"}],"wp:attachment":[{"href":"https:\/\/www.obispadorqta.org.ar\/v3\/wp-json\/wp\/v2\/media?parent=8146"}],"wp:term":[{"taxonomy":"category","embeddable":true,"href":"https:\/\/www.obispadorqta.org.ar\/v3\/wp-json\/wp\/v2\/categories?post=8146"},{"taxonomy":"post_tag","embeddable":true,"href":"https:\/\/www.obispadorqta.org.ar\/v3\/wp-json\/wp\/v2\/tags?post=8146"}],"curies":[{"name":"wp","href":"https:\/\/api.w.org\/{rel}","templated":true}]}}