{"id":8149,"date":"2022-10-17T09:39:18","date_gmt":"2022-10-17T12:39:18","guid":{"rendered":"http:\/\/www.obispadorqta.org.ar\/v3\/?p=8149"},"modified":"2022-10-17T09:45:23","modified_gmt":"2022-10-17T12:45:23","slug":"nueva-sede-caritas-diocesana","status":"publish","type":"post","link":"https:\/\/www.obispadorqta.org.ar\/v3\/nueva-sede-caritas-diocesana\/","title":{"rendered":"NUEVA SEDE C\u00c1RITAS DIOCESANA"},"content":{"rendered":"<p style=\"text-align: justify;\"><span style=\"color: #000000;\">Desde hace algunas semanas se ha comenzado con la construcci\u00f3n de la Nueva Sede de C\u00e1ritas Diocesana, en el B\u00b0 Don Juan, por calle 2 de abril, a metros de la ruta 40S.<\/span><\/p>\n<p style=\"text-align: justify;\"><span style=\"color: #000000;\">Este proyecto se viene elaborando desde hace tiempo, y al fin se ha comenzado a concretar. En la primera parte de la obra se construir\u00e1 el Dep\u00f3sito para Emergencias, coraz\u00f3n de esta \u00e1rea de C\u00e1ritas. Luego se seguir\u00e1 por varias oficinas y salones de reuniones.<\/span><\/p>\n<p><img loading=\"lazy\" decoding=\"async\" class=\"aligncenter size-full wp-image-8152\" src=\"https:\/\/www.obispadorqta.org.ar\/v3\/wp-content\/uploads\/2022\/10\/IMG-20220909-WA0013.jpg\" alt=\"\" width=\"1600\" height=\"1200\" srcset=\"https:\/\/www.obispadorqta.org.ar\/v3\/wp-content\/uploads\/2022\/10\/IMG-20220909-WA0013.jpg 1600w, https:\/\/www.obispadorqta.org.ar\/v3\/wp-content\/uploads\/2022\/10\/IMG-20220909-WA0013-300x225.jpg 300w, https:\/\/www.obispadorqta.org.ar\/v3\/wp-content\/uploads\/2022\/10\/IMG-20220909-WA0013-1024x768.jpg 1024w, https:\/\/www.obispadorqta.org.ar\/v3\/wp-content\/uploads\/2022\/10\/IMG-20220909-WA0013-768x576.jpg 768w, https:\/\/www.obispadorqta.org.ar\/v3\/wp-content\/uploads\/2022\/10\/IMG-20220909-WA0013-1536x1152.jpg 1536w, https:\/\/www.obispadorqta.org.ar\/v3\/wp-content\/uploads\/2022\/10\/IMG-20220909-WA0013-678x509.jpg 678w, https:\/\/www.obispadorqta.org.ar\/v3\/wp-content\/uploads\/2022\/10\/IMG-20220909-WA0013-326x245.jpg 326w, https:\/\/www.obispadorqta.org.ar\/v3\/wp-content\/uploads\/2022\/10\/IMG-20220909-WA0013-80x60.jpg 80w\" sizes=\"auto, (max-width: 1600px) 100vw, 1600px\" \/><\/p>\n<p style=\"text-align: justify;\"><span style=\"color: #000000;\">Esto facilitar\u00e1 el acceso de las parroquias, en una zona estrat\u00e9gica de la ciudad.<\/span><\/p>\n<p style=\"text-align: justify;\"><span style=\"color: #000000;\">El edificio se ir\u00e1 construyendo con fondos propios. Tambi\u00e9n se reciben aportes que voluntariamente puedan acercar.<\/span><\/p>\n<p style=\"text-align: justify;\"><span style=\"color: #000000;\">Cuando se concluya y habilite, quedar\u00e1 en la Sede Diocesana solamente una oficina de C\u00e1ritas. Los dem\u00e1s espacios ser\u00e1n dedicados a otras actividades de la Iglesia Diocesana.<\/span><\/p>\n<p style=\"text-align: justify;\"><span style=\"color: #000000;\"><img loading=\"lazy\" decoding=\"async\" class=\"aligncenter size-full wp-image-8153\" src=\"https:\/\/www.obispadorqta.org.ar\/v3\/wp-content\/uploads\/2022\/10\/IMG-20220831-WA0005.jpg\" alt=\"\" width=\"1032\" height=\"774\" srcset=\"https:\/\/www.obispadorqta.org.ar\/v3\/wp-content\/uploads\/2022\/10\/IMG-20220831-WA0005.jpg 1032w, https:\/\/www.obispadorqta.org.ar\/v3\/wp-content\/uploads\/2022\/10\/IMG-20220831-WA0005-300x225.jpg 300w, https:\/\/www.obispadorqta.org.ar\/v3\/wp-content\/uploads\/2022\/10\/IMG-20220831-WA0005-1024x768.jpg 1024w, https:\/\/www.obispadorqta.org.ar\/v3\/wp-content\/uploads\/2022\/10\/IMG-20220831-WA0005-768x576.jpg 768w, https:\/\/www.obispadorqta.org.ar\/v3\/wp-content\/uploads\/2022\/10\/IMG-20220831-WA0005-678x509.jpg 678w, https:\/\/www.obispadorqta.org.ar\/v3\/wp-content\/uploads\/2022\/10\/IMG-20220831-WA0005-326x245.jpg 326w, https:\/\/www.obispadorqta.org.ar\/v3\/wp-content\/uploads\/2022\/10\/IMG-20220831-WA0005-80x60.jpg 80w\" sizes=\"auto, (max-width: 1032px) 100vw, 1032px\" \/><\/span><\/p>\n<p style=\"text-align: justify;\"><span style=\"color: #000000;\">La esquina del terreno de 2 de abril y calle 56 ser\u00e1 destinado a salones de catequesis y otras actividades de la Pquia. Mar\u00eda, Madre de Dios.<\/span><\/p>\n<p><img loading=\"lazy\" decoding=\"async\" class=\"aligncenter size-full wp-image-8156\" src=\"https:\/\/www.obispadorqta.org.ar\/v3\/wp-content\/uploads\/2022\/10\/IMG-20221017-WA0002-1.jpg\" alt=\"\" width=\"780\" height=\"526\" srcset=\"https:\/\/www.obispadorqta.org.ar\/v3\/wp-content\/uploads\/2022\/10\/IMG-20221017-WA0002-1.jpg 780w, https:\/\/www.obispadorqta.org.ar\/v3\/wp-content\/uploads\/2022\/10\/IMG-20221017-WA0002-1-300x202.jpg 300w, https:\/\/www.obispadorqta.org.ar\/v3\/wp-content\/uploads\/2022\/10\/IMG-20221017-WA0002-1-768x518.jpg 768w\" sizes=\"auto, (max-width: 780px) 100vw, 780px\" \/><\/p>\n","protected":false},"excerpt":{"rendered":"<div class=\"mh-excerpt\"><p>Desde hace algunas semanas se ha comenzado con la construcci\u00f3n de la Nueva Sede de C\u00e1ritas Diocesana, en el B\u00b0 Don Juan, por calle 2 <a class=\"mh-excerpt-more\" href=\"https:\/\/www.obispadorqta.org.ar\/v3\/nueva-sede-caritas-diocesana\/\" title=\"NUEVA SEDE C\u00c1RITAS DIOCESANA\">[&#8230;]<\/a><\/p>\n<\/div>","protected":false},"author":3,"featured_media":8150,"comment_status":"closed","ping_status":"open","sticky":false,"template":"","format":"standard","meta":{"footnotes":""},"categories":[6,28],"tags":[],"class_list":["post-8149","post","type-post","status-publish","format-standard","has-post-thumbnail","hentry","category-news","category-latest-news"],"_links":{"self":[{"href":"https:\/\/www.obispadorqta.org.ar\/v3\/wp-json\/wp\/v2\/posts\/8149","targetHints":{"allow":["GET"]}}],"collection":[{"href":"https:\/\/www.obispadorqta.org.ar\/v3\/wp-json\/wp\/v2\/posts"}],"about":[{"href":"https:\/\/www.obispadorqta.org.ar\/v3\/wp-json\/wp\/v2\/types\/post"}],"author":[{"embeddable":true,"href":"https:\/\/www.obispadorqta.org.ar\/v3\/wp-json\/wp\/v2\/users\/3"}],"replies":[{"embeddable":true,"href":"https:\/\/www.obispadorqta.org.ar\/v3\/wp-json\/wp\/v2\/comments?post=8149"}],"version-history":[{"count":4,"href":"https:\/\/www.obispadorqta.org.ar\/v3\/wp-json\/wp\/v2\/posts\/8149\/revisions"}],"predecessor-version":[{"id":8158,"href":"https:\/\/www.obispadorqta.org.ar\/v3\/wp-json\/wp\/v2\/posts\/8149\/revisions\/8158"}],"wp:featuredmedia":[{"embeddable":true,"href":"https:\/\/www.obispadorqta.org.ar\/v3\/wp-json\/wp\/v2\/media\/8150"}],"wp:attachment":[{"href":"https:\/\/www.obispadorqta.org.ar\/v3\/wp-json\/wp\/v2\/media?parent=8149"}],"wp:term":[{"taxonomy":"category","embeddable":true,"href":"https:\/\/www.obispadorqta.org.ar\/v3\/wp-json\/wp\/v2\/categories?post=8149"},{"taxonomy":"post_tag","embeddable":true,"href":"https:\/\/www.obispadorqta.org.ar\/v3\/wp-json\/wp\/v2\/tags?post=8149"}],"curies":[{"name":"wp","href":"https:\/\/api.w.org\/{rel}","templated":true}]}}