{"id":8160,"date":"2022-10-18T08:53:59","date_gmt":"2022-10-18T11:53:59","guid":{"rendered":"http:\/\/www.obispadorqta.org.ar\/v3\/?p=8160"},"modified":"2022-10-18T08:58:13","modified_gmt":"2022-10-18T11:58:13","slug":"ministerio-del-lectorado-5","status":"publish","type":"post","link":"https:\/\/www.obispadorqta.org.ar\/v3\/ministerio-del-lectorado-5\/","title":{"rendered":"Ministerio del Lectorado"},"content":{"rendered":"<p style=\"text-align: justify;\"><span style=\"color: #000000;\">Con alegr\u00eda informamos que el seminarista David Emanuel Herman recibir\u00e1 el Ministerio del Lectorado en su camino de formaci\u00f3n al sacerdocio.<\/span><\/p>\n<p style=\"text-align: justify;\"><span style=\"color: #000000;\">La celebraci\u00f3n se llevar\u00e1 a cabo en el templo parroquial \u00abMar\u00eda Madre de Dios\u00bb de Reconquista, el viernes 21 de octubre a las 19 hs. y ser\u00e1 presidida porque el Obispo Diocesano, Mons. \u00c1ngel Jos\u00e9 Mac\u00edn.<\/span><\/p>\n<p style=\"text-align: justify;\"><span style=\"color: #000000;\">Invitamos a acompa\u00f1arlo con nuestra oraci\u00f3n y nuestra presencia y seguir rezando por el crecimiento de las vocaciones en nuestra Iglesia Particular.<\/span><\/p>\n<p><img loading=\"lazy\" decoding=\"async\" class=\"aligncenter  wp-image-8161\" src=\"https:\/\/www.obispadorqta.org.ar\/v3\/wp-content\/uploads\/2022\/10\/311077296_822091655699617_8201926848297768295_n.jpg\" alt=\"\" width=\"447\" height=\"795\" srcset=\"https:\/\/www.obispadorqta.org.ar\/v3\/wp-content\/uploads\/2022\/10\/311077296_822091655699617_8201926848297768295_n.jpg 720w, https:\/\/www.obispadorqta.org.ar\/v3\/wp-content\/uploads\/2022\/10\/311077296_822091655699617_8201926848297768295_n-169x300.jpg 169w, https:\/\/www.obispadorqta.org.ar\/v3\/wp-content\/uploads\/2022\/10\/311077296_822091655699617_8201926848297768295_n-576x1024.jpg 576w\" sizes=\"auto, (max-width: 447px) 100vw, 447px\" \/><\/p>\n","protected":false},"excerpt":{"rendered":"<div class=\"mh-excerpt\"><p>Con alegr\u00eda informamos que el seminarista David Emanuel Herman recibir\u00e1 el Ministerio del Lectorado en su camino de formaci\u00f3n al sacerdocio. La celebraci\u00f3n se llevar\u00e1 <a class=\"mh-excerpt-more\" href=\"https:\/\/www.obispadorqta.org.ar\/v3\/ministerio-del-lectorado-5\/\" title=\"Ministerio del Lectorado\">[&#8230;]<\/a><\/p>\n<\/div>","protected":false},"author":3,"featured_media":0,"comment_status":"closed","ping_status":"open","sticky":false,"template":"","format":"standard","meta":{"footnotes":""},"categories":[6,28],"tags":[],"class_list":["post-8160","post","type-post","status-publish","format-standard","hentry","category-news","category-latest-news"],"_links":{"self":[{"href":"https:\/\/www.obispadorqta.org.ar\/v3\/wp-json\/wp\/v2\/posts\/8160","targetHints":{"allow":["GET"]}}],"collection":[{"href":"https:\/\/www.obispadorqta.org.ar\/v3\/wp-json\/wp\/v2\/posts"}],"about":[{"href":"https:\/\/www.obispadorqta.org.ar\/v3\/wp-json\/wp\/v2\/types\/post"}],"author":[{"embeddable":true,"href":"https:\/\/www.obispadorqta.org.ar\/v3\/wp-json\/wp\/v2\/users\/3"}],"replies":[{"embeddable":true,"href":"https:\/\/www.obispadorqta.org.ar\/v3\/wp-json\/wp\/v2\/comments?post=8160"}],"version-history":[{"count":5,"href":"https:\/\/www.obispadorqta.org.ar\/v3\/wp-json\/wp\/v2\/posts\/8160\/revisions"}],"predecessor-version":[{"id":8169,"href":"https:\/\/www.obispadorqta.org.ar\/v3\/wp-json\/wp\/v2\/posts\/8160\/revisions\/8169"}],"wp:attachment":[{"href":"https:\/\/www.obispadorqta.org.ar\/v3\/wp-json\/wp\/v2\/media?parent=8160"}],"wp:term":[{"taxonomy":"category","embeddable":true,"href":"https:\/\/www.obispadorqta.org.ar\/v3\/wp-json\/wp\/v2\/categories?post=8160"},{"taxonomy":"post_tag","embeddable":true,"href":"https:\/\/www.obispadorqta.org.ar\/v3\/wp-json\/wp\/v2\/tags?post=8160"}],"curies":[{"name":"wp","href":"https:\/\/api.w.org\/{rel}","templated":true}]}}