{"id":8170,"date":"2022-10-19T09:05:47","date_gmt":"2022-10-19T12:05:47","guid":{"rendered":"http:\/\/www.obispadorqta.org.ar\/v3\/?p=8170"},"modified":"2022-10-19T17:13:03","modified_gmt":"2022-10-19T20:13:03","slug":"admision-a-las-sagradas-ordenes-de-un-seminarista-diocesano","status":"publish","type":"post","link":"https:\/\/www.obispadorqta.org.ar\/v3\/admision-a-las-sagradas-ordenes-de-un-seminarista-diocesano\/","title":{"rendered":"Admisi\u00f3n a las Sagradas \u00d3rdenes de un seminarista diocesano"},"content":{"rendered":"<p style=\"text-align: justify;\"><span style=\"color: #000000;\">El obispo diocesano, Mons. \u00c1ngel Jos\u00e9 Mac\u00edn, presidir\u00e1 la misa de Admisi\u00f3n a las Sagradas \u00d3rdenes del seminarista Fernando Gallard.<\/span><\/p>\n<p style=\"text-align: justify;\"><span style=\"color: #000000;\">La celebraci\u00f3n eucar\u00edstica ser\u00e1 este domingo 23 de octubre, a las 20 hs. en la Parroquia Inmaculada Concepci\u00f3n de Villa Ocampo.<img loading=\"lazy\" decoding=\"async\" class=\"aligncenter  wp-image-8171\" src=\"https:\/\/www.obispadorqta.org.ar\/v3\/wp-content\/uploads\/2022\/10\/gallard_page-0001.jpg\" alt=\"\" width=\"382\" height=\"424\" srcset=\"https:\/\/www.obispadorqta.org.ar\/v3\/wp-content\/uploads\/2022\/10\/gallard_page-0001.jpg 739w, https:\/\/www.obispadorqta.org.ar\/v3\/wp-content\/uploads\/2022\/10\/gallard_page-0001-270x300.jpg 270w\" sizes=\"auto, (max-width: 382px) 100vw, 382px\" \/><\/span><\/p>\n<p style=\"text-align: justify;\"><span style=\"color: #000000;\">El rito de admisi\u00f3n es el prop\u00f3sito que los aspirantes hacen de recibir las Sagradas \u00d3rdenes ante el obispo diocesano. Este prop\u00f3sito ha de realizarse p\u00fablicamente, cuando los aspirantes han tomado la decisi\u00f3n de manifestar el deseo de entregarse, mediante el Orden Sagrado, al servicio de Dios y de los hombres. A partir de ahora deben cultivar con m\u00e1s intensidad su vocaci\u00f3n, aprovechando aquellos medios con que puede prestar auxilio y ayuda la comunidad eclesial.<\/span><\/p>\n<p style=\"text-align: justify;\"><span style=\"color: #000000;\">Con gran alegr\u00eda acompa\u00f1amos a Fernando y nos unimos en oraci\u00f3n por su vocaci\u00f3n.<\/span><\/p>\n\n\n<p><\/p>\n","protected":false},"excerpt":{"rendered":"<div class=\"mh-excerpt\"><p>El obispo diocesano, Mons. \u00c1ngel Jos\u00e9 Mac\u00edn, presidir\u00e1 la misa de Admisi\u00f3n a las Sagradas \u00d3rdenes del seminarista Fernando Gallard. La celebraci\u00f3n eucar\u00edstica ser\u00e1 este <a class=\"mh-excerpt-more\" href=\"https:\/\/www.obispadorqta.org.ar\/v3\/admision-a-las-sagradas-ordenes-de-un-seminarista-diocesano\/\" title=\"Admisi\u00f3n a las Sagradas \u00d3rdenes de un seminarista diocesano\">[&#8230;]<\/a><\/p>\n<\/div>","protected":false},"author":3,"featured_media":8181,"comment_status":"closed","ping_status":"open","sticky":false,"template":"","format":"standard","meta":{"footnotes":""},"categories":[6,28],"tags":[],"class_list":["post-8170","post","type-post","status-publish","format-standard","has-post-thumbnail","hentry","category-news","category-latest-news"],"_links":{"self":[{"href":"https:\/\/www.obispadorqta.org.ar\/v3\/wp-json\/wp\/v2\/posts\/8170","targetHints":{"allow":["GET"]}}],"collection":[{"href":"https:\/\/www.obispadorqta.org.ar\/v3\/wp-json\/wp\/v2\/posts"}],"about":[{"href":"https:\/\/www.obispadorqta.org.ar\/v3\/wp-json\/wp\/v2\/types\/post"}],"author":[{"embeddable":true,"href":"https:\/\/www.obispadorqta.org.ar\/v3\/wp-json\/wp\/v2\/users\/3"}],"replies":[{"embeddable":true,"href":"https:\/\/www.obispadorqta.org.ar\/v3\/wp-json\/wp\/v2\/comments?post=8170"}],"version-history":[{"count":3,"href":"https:\/\/www.obispadorqta.org.ar\/v3\/wp-json\/wp\/v2\/posts\/8170\/revisions"}],"predecessor-version":[{"id":8182,"href":"https:\/\/www.obispadorqta.org.ar\/v3\/wp-json\/wp\/v2\/posts\/8170\/revisions\/8182"}],"wp:featuredmedia":[{"embeddable":true,"href":"https:\/\/www.obispadorqta.org.ar\/v3\/wp-json\/wp\/v2\/media\/8181"}],"wp:attachment":[{"href":"https:\/\/www.obispadorqta.org.ar\/v3\/wp-json\/wp\/v2\/media?parent=8170"}],"wp:term":[{"taxonomy":"category","embeddable":true,"href":"https:\/\/www.obispadorqta.org.ar\/v3\/wp-json\/wp\/v2\/categories?post=8170"},{"taxonomy":"post_tag","embeddable":true,"href":"https:\/\/www.obispadorqta.org.ar\/v3\/wp-json\/wp\/v2\/tags?post=8170"}],"curies":[{"name":"wp","href":"https:\/\/api.w.org\/{rel}","templated":true}]}}