{"id":8185,"date":"2022-10-24T08:56:39","date_gmt":"2022-10-24T11:56:39","guid":{"rendered":"http:\/\/www.obispadorqta.org.ar\/v3\/?p=8185"},"modified":"2022-10-24T10:11:34","modified_gmt":"2022-10-24T13:11:34","slug":"traspaso-de-la-propiedad-de-caritas-reconquista-a-comunidad-lalec-lavac-de-colonia-el-94","status":"publish","type":"post","link":"https:\/\/www.obispadorqta.org.ar\/v3\/traspaso-de-la-propiedad-de-caritas-reconquista-a-comunidad-lalec-lavac-de-colonia-el-94\/","title":{"rendered":"Traspaso de la propiedad de Caritas Reconquista a Comunidad \u201cLAL\u00caC LAVAC\u201d, de Colonia \u201cEl 94\u201d"},"content":{"rendered":"<p style=\"text-align: justify;\">En el d\u00eda de la fecha, a las 10 hs., en la Sede Diocesana, ubicada en Mitre y Chacabuco de la ciudad de Reconquista, tendr\u00e1 lugar el acto p\u00fablico de traspaso de una parcela de tierra, de aproximadamente setenta hect\u00e1reas, por parte de Caritas Reconquista a la comunidad aborigen \u201cLal\u00eac Lavac\u201d (Hijos de la Tierra), del Km 94.<\/p>\n<p style=\"text-align: justify;\">En el acto participar\u00e1n autoridades de la mencionada comunidad, el Obispo \u00c1ngel Jos\u00e9 Mac\u00edn y miembros de ENDEPA y de CARITAS DIOCESANA, adem\u00e1s de la Escribana P\u00fablica Natalia Guedez.<\/p>\n<p style=\"text-align: justify;\">Invitamos a quienes quieran participar de este evento significativo para la reivindicaci\u00f3n de los derechos de nuestros pueblos originarios.<\/p>\n","protected":false},"excerpt":{"rendered":"<div class=\"mh-excerpt\"><p>En el d\u00eda de la fecha, a las 10 hs., en la Sede Diocesana, ubicada en Mitre y Chacabuco de la ciudad de Reconquista, tendr\u00e1 <a class=\"mh-excerpt-more\" href=\"https:\/\/www.obispadorqta.org.ar\/v3\/traspaso-de-la-propiedad-de-caritas-reconquista-a-comunidad-lalec-lavac-de-colonia-el-94\/\" title=\"Traspaso de la propiedad de Caritas Reconquista a Comunidad \u201cLAL\u00caC LAVAC\u201d, de Colonia \u201cEl 94\u201d\">[&#8230;]<\/a><\/p>\n<\/div>","protected":false},"author":3,"featured_media":64,"comment_status":"closed","ping_status":"open","sticky":false,"template":"","format":"standard","meta":{"footnotes":""},"categories":[6,28],"tags":[],"class_list":["post-8185","post","type-post","status-publish","format-standard","has-post-thumbnail","hentry","category-news","category-latest-news"],"_links":{"self":[{"href":"https:\/\/www.obispadorqta.org.ar\/v3\/wp-json\/wp\/v2\/posts\/8185","targetHints":{"allow":["GET"]}}],"collection":[{"href":"https:\/\/www.obispadorqta.org.ar\/v3\/wp-json\/wp\/v2\/posts"}],"about":[{"href":"https:\/\/www.obispadorqta.org.ar\/v3\/wp-json\/wp\/v2\/types\/post"}],"author":[{"embeddable":true,"href":"https:\/\/www.obispadorqta.org.ar\/v3\/wp-json\/wp\/v2\/users\/3"}],"replies":[{"embeddable":true,"href":"https:\/\/www.obispadorqta.org.ar\/v3\/wp-json\/wp\/v2\/comments?post=8185"}],"version-history":[{"count":2,"href":"https:\/\/www.obispadorqta.org.ar\/v3\/wp-json\/wp\/v2\/posts\/8185\/revisions"}],"predecessor-version":[{"id":8203,"href":"https:\/\/www.obispadorqta.org.ar\/v3\/wp-json\/wp\/v2\/posts\/8185\/revisions\/8203"}],"wp:featuredmedia":[{"embeddable":true,"href":"https:\/\/www.obispadorqta.org.ar\/v3\/wp-json\/wp\/v2\/media\/64"}],"wp:attachment":[{"href":"https:\/\/www.obispadorqta.org.ar\/v3\/wp-json\/wp\/v2\/media?parent=8185"}],"wp:term":[{"taxonomy":"category","embeddable":true,"href":"https:\/\/www.obispadorqta.org.ar\/v3\/wp-json\/wp\/v2\/categories?post=8185"},{"taxonomy":"post_tag","embeddable":true,"href":"https:\/\/www.obispadorqta.org.ar\/v3\/wp-json\/wp\/v2\/tags?post=8185"}],"curies":[{"name":"wp","href":"https:\/\/api.w.org\/{rel}","templated":true}]}}