{"id":8204,"date":"2022-10-24T12:42:17","date_gmt":"2022-10-24T15:42:17","guid":{"rendered":"http:\/\/www.obispadorqta.org.ar\/v3\/?p=8204"},"modified":"2022-10-24T12:42:25","modified_gmt":"2022-10-24T15:42:25","slug":"lalec-lavac-hijos-de-la-tierra","status":"publish","type":"post","link":"https:\/\/www.obispadorqta.org.ar\/v3\/lalec-lavac-hijos-de-la-tierra\/","title":{"rendered":"\u201cLal\u00eac Lavac\u201d (Hijos de la Tierra)"},"content":{"rendered":"<p style=\"text-align: justify;\">En la ma\u00f1ana de hoy, lunes 24 de octubre, en la Sede Diocesana, se llev\u00f3 a cabo la firma de los documentos que permiten y formalizan el traspaso de la propiedad de C\u00e1ritas Diocesana a la comunidad aborigen \u201cLal\u00eac Lavac\u201d.<\/p>\n<p style=\"text-align: justify;\"><img loading=\"lazy\" decoding=\"async\" class=\"aligncenter size-full wp-image-8209\" src=\"https:\/\/www.obispadorqta.org.ar\/v3\/wp-content\/uploads\/2022\/10\/1666621241859-scaled.jpg\" alt=\"\" width=\"2560\" height=\"1183\" srcset=\"https:\/\/www.obispadorqta.org.ar\/v3\/wp-content\/uploads\/2022\/10\/1666621241859-scaled.jpg 2560w, https:\/\/www.obispadorqta.org.ar\/v3\/wp-content\/uploads\/2022\/10\/1666621241859-300x139.jpg 300w, https:\/\/www.obispadorqta.org.ar\/v3\/wp-content\/uploads\/2022\/10\/1666621241859-1024x473.jpg 1024w, https:\/\/www.obispadorqta.org.ar\/v3\/wp-content\/uploads\/2022\/10\/1666621241859-768x355.jpg 768w, https:\/\/www.obispadorqta.org.ar\/v3\/wp-content\/uploads\/2022\/10\/1666621241859-1536x710.jpg 1536w, https:\/\/www.obispadorqta.org.ar\/v3\/wp-content\/uploads\/2022\/10\/1666621241859-2048x946.jpg 2048w\" sizes=\"auto, (max-width: 2560px) 100vw, 2560px\" \/>De este tan importante acontecimiento para dicha comunidad, y en especial para todos aquellos que hace tanto tiempo vienen trabajando para reivindicar los derechos de los Pueblos Originarios, participaron el Obispo Diocesano, Mons. \u00c1ngel Jos\u00e9 Mac\u00edn, la Escribana P\u00fablica Dra. Natalia Guedez, el Sr. Germ\u00e1n Flores en representaci\u00f3n de ENDEPA, el Sr. Marcelo Salte\u00f1o, jefe de la Comunidad \u201cLal\u00eac Lavac\u201d, junto a integrantes de la misma, Directora y Vicepresidente de Caritas Diocesana, Srta. Mar\u00eda Rosa Moyano y el Pbro. Jos\u00e9 Antonio Silva, miembros del Equipo Diocesano de Pastoral Aborigen (EDIPA) y publico en general.<\/p>\n<p style=\"text-align: justify;\"><!--more--><!--more--><span style=\"font-size: inherit;\"><img loading=\"lazy\" decoding=\"async\" class=\"aligncenter size-full wp-image-8211\" src=\"https:\/\/www.obispadorqta.org.ar\/v3\/wp-content\/uploads\/2022\/10\/1666621394554-scaled.jpg\" alt=\"\" width=\"2560\" height=\"1183\" srcset=\"https:\/\/www.obispadorqta.org.ar\/v3\/wp-content\/uploads\/2022\/10\/1666621394554-scaled.jpg 2560w, https:\/\/www.obispadorqta.org.ar\/v3\/wp-content\/uploads\/2022\/10\/1666621394554-300x139.jpg 300w, https:\/\/www.obispadorqta.org.ar\/v3\/wp-content\/uploads\/2022\/10\/1666621394554-1024x473.jpg 1024w, https:\/\/www.obispadorqta.org.ar\/v3\/wp-content\/uploads\/2022\/10\/1666621394554-768x355.jpg 768w, https:\/\/www.obispadorqta.org.ar\/v3\/wp-content\/uploads\/2022\/10\/1666621394554-1536x710.jpg 1536w, https:\/\/www.obispadorqta.org.ar\/v3\/wp-content\/uploads\/2022\/10\/1666621394554-2048x946.jpg 2048w\" sizes=\"auto, (max-width: 2560px) 100vw, 2560px\" \/><br \/><\/span><!--more--><\/p>\n<p style=\"text-align: justify;\">\u00a0<\/p>\n<p style=\"text-align: justify;\"><img loading=\"lazy\" decoding=\"async\" class=\"aligncenter size-full wp-image-8212\" src=\"https:\/\/www.obispadorqta.org.ar\/v3\/wp-content\/uploads\/2022\/10\/1666621241936-scaled.jpg\" alt=\"\" width=\"2560\" height=\"1180\" srcset=\"https:\/\/www.obispadorqta.org.ar\/v3\/wp-content\/uploads\/2022\/10\/1666621241936-scaled.jpg 2560w, https:\/\/www.obispadorqta.org.ar\/v3\/wp-content\/uploads\/2022\/10\/1666621241936-300x138.jpg 300w, https:\/\/www.obispadorqta.org.ar\/v3\/wp-content\/uploads\/2022\/10\/1666621241936-1024x472.jpg 1024w, https:\/\/www.obispadorqta.org.ar\/v3\/wp-content\/uploads\/2022\/10\/1666621241936-768x354.jpg 768w, https:\/\/www.obispadorqta.org.ar\/v3\/wp-content\/uploads\/2022\/10\/1666621241936-1536x708.jpg 1536w, https:\/\/www.obispadorqta.org.ar\/v3\/wp-content\/uploads\/2022\/10\/1666621241936-2048x944.jpg 2048w\" sizes=\"auto, (max-width: 2560px) 100vw, 2560px\" \/><\/p>\n<p style=\"text-align: justify;\">Damos gracias a Dios por las voluntades, trabajo y esfuerzo de todos aquellos que hicieron su aporte a esta iniciativa que hoy se concreta y es una realidad y una inspiraci\u00f3n para continuar trabajando por los derechos de aquellos, nuestros hermanos mayores, que han sido postergados y relegados a trav\u00e9s del tiempo.<\/p>\n\n\n<figure class=\"wp-block-image size-large\"><img loading=\"lazy\" decoding=\"async\" width=\"1024\" height=\"473\" src=\"https:\/\/www.obispadorqta.org.ar\/v3\/wp-content\/uploads\/2022\/10\/1666621394526-1024x473.jpg\" alt=\"\" class=\"wp-image-8215\" srcset=\"https:\/\/www.obispadorqta.org.ar\/v3\/wp-content\/uploads\/2022\/10\/1666621394526-1024x473.jpg 1024w, https:\/\/www.obispadorqta.org.ar\/v3\/wp-content\/uploads\/2022\/10\/1666621394526-300x139.jpg 300w, https:\/\/www.obispadorqta.org.ar\/v3\/wp-content\/uploads\/2022\/10\/1666621394526-768x355.jpg 768w, https:\/\/www.obispadorqta.org.ar\/v3\/wp-content\/uploads\/2022\/10\/1666621394526-1536x710.jpg 1536w, https:\/\/www.obispadorqta.org.ar\/v3\/wp-content\/uploads\/2022\/10\/1666621394526-2048x946.jpg 2048w\" sizes=\"auto, (max-width: 1024px) 100vw, 1024px\" \/><\/figure>\n\n\n\n<figure class=\"wp-block-image size-large\"><img loading=\"lazy\" decoding=\"async\" width=\"1024\" height=\"473\" src=\"https:\/\/www.obispadorqta.org.ar\/v3\/wp-content\/uploads\/2022\/10\/1666621394392-1024x473.jpg\" alt=\"\" class=\"wp-image-8216\" srcset=\"https:\/\/www.obispadorqta.org.ar\/v3\/wp-content\/uploads\/2022\/10\/1666621394392-1024x473.jpg 1024w, https:\/\/www.obispadorqta.org.ar\/v3\/wp-content\/uploads\/2022\/10\/1666621394392-300x139.jpg 300w, https:\/\/www.obispadorqta.org.ar\/v3\/wp-content\/uploads\/2022\/10\/1666621394392-768x355.jpg 768w, https:\/\/www.obispadorqta.org.ar\/v3\/wp-content\/uploads\/2022\/10\/1666621394392-1536x710.jpg 1536w, https:\/\/www.obispadorqta.org.ar\/v3\/wp-content\/uploads\/2022\/10\/1666621394392-2048x946.jpg 2048w\" sizes=\"auto, (max-width: 1024px) 100vw, 1024px\" \/><\/figure>\n","protected":false},"excerpt":{"rendered":"<div class=\"mh-excerpt\"><p>En la ma\u00f1ana de hoy, lunes 24 de octubre, en la Sede Diocesana, se llev\u00f3 a cabo la firma de los documentos que permiten y <a class=\"mh-excerpt-more\" href=\"https:\/\/www.obispadorqta.org.ar\/v3\/lalec-lavac-hijos-de-la-tierra\/\" title=\"\u201cLal\u00eac Lavac\u201d (Hijos de la Tierra)\">[&#8230;]<\/a><\/p>\n<\/div>","protected":false},"author":2,"featured_media":8205,"comment_status":"closed","ping_status":"open","sticky":false,"template":"","format":"standard","meta":{"footnotes":""},"categories":[6,28],"tags":[],"class_list":["post-8204","post","type-post","status-publish","format-standard","has-post-thumbnail","hentry","category-news","category-latest-news"],"_links":{"self":[{"href":"https:\/\/www.obispadorqta.org.ar\/v3\/wp-json\/wp\/v2\/posts\/8204","targetHints":{"allow":["GET"]}}],"collection":[{"href":"https:\/\/www.obispadorqta.org.ar\/v3\/wp-json\/wp\/v2\/posts"}],"about":[{"href":"https:\/\/www.obispadorqta.org.ar\/v3\/wp-json\/wp\/v2\/types\/post"}],"author":[{"embeddable":true,"href":"https:\/\/www.obispadorqta.org.ar\/v3\/wp-json\/wp\/v2\/users\/2"}],"replies":[{"embeddable":true,"href":"https:\/\/www.obispadorqta.org.ar\/v3\/wp-json\/wp\/v2\/comments?post=8204"}],"version-history":[{"count":4,"href":"https:\/\/www.obispadorqta.org.ar\/v3\/wp-json\/wp\/v2\/posts\/8204\/revisions"}],"predecessor-version":[{"id":8217,"href":"https:\/\/www.obispadorqta.org.ar\/v3\/wp-json\/wp\/v2\/posts\/8204\/revisions\/8217"}],"wp:featuredmedia":[{"embeddable":true,"href":"https:\/\/www.obispadorqta.org.ar\/v3\/wp-json\/wp\/v2\/media\/8205"}],"wp:attachment":[{"href":"https:\/\/www.obispadorqta.org.ar\/v3\/wp-json\/wp\/v2\/media?parent=8204"}],"wp:term":[{"taxonomy":"category","embeddable":true,"href":"https:\/\/www.obispadorqta.org.ar\/v3\/wp-json\/wp\/v2\/categories?post=8204"},{"taxonomy":"post_tag","embeddable":true,"href":"https:\/\/www.obispadorqta.org.ar\/v3\/wp-json\/wp\/v2\/tags?post=8204"}],"curies":[{"name":"wp","href":"https:\/\/api.w.org\/{rel}","templated":true}]}}