{"id":8207,"date":"2022-10-24T11:50:53","date_gmt":"2022-10-24T14:50:53","guid":{"rendered":"http:\/\/www.obispadorqta.org.ar\/v3\/?p=8207"},"modified":"2022-10-24T11:51:19","modified_gmt":"2022-10-24T14:51:19","slug":"encuentro-de-presbiterio-12","status":"publish","type":"post","link":"https:\/\/www.obispadorqta.org.ar\/v3\/encuentro-de-presbiterio-12\/","title":{"rendered":"Encuentro de Presbiterio"},"content":{"rendered":"<p style=\"text-align: justify;\"><span style=\"color: #000000;\">Desde hoy, lunes 24 de octubre a partir de las 16 hs. y hasta el mediod\u00eda del martes 25, en las instalaciones de la Casa de Retiro \u201cEl Jacarand\u00e1\u201d, se estar\u00e1 llevando a cabo un nuevo encuentro de presbiterio en nuestra Di\u00f3cesis de Reconquista.<\/span><\/p>\n<p style=\"text-align: justify;\"><span style=\"color: #000000;\">El mismo ser\u00e1 presidido por el Obispo Diocesano, Mons. \u00c1ngel Jos\u00e9 Mac\u00edn, y en un ambiente fraterno y de oraci\u00f3n trataran diferentes temas que hacen a la vida sacerdotal y a la tarea pastoral de nuestra di\u00f3cesis.<\/span><\/p>\n<p style=\"text-align: justify;\"><span style=\"color: #000000;\">Acompa\u00f1emos en la oraci\u00f3n a nuestro Obispo y sacerdotes, por los frutos de este encuentro y brinde herramientas necesarias para las tareas que desarrollan en nuestra Iglesia Particular de Reconquista.<\/span><\/p>\n\n\n<figure class=\"wp-block-gallery columns-0 is-cropped wp-block-gallery-1 is-layout-flex wp-block-gallery-is-layout-flex\"><ul class=\"blocks-gallery-grid\"><\/ul><\/figure>\n","protected":false},"excerpt":{"rendered":"<div class=\"mh-excerpt\"><p>Desde hoy, lunes 24 de octubre a partir de las 16 hs. y hasta el mediod\u00eda del martes 25, en las instalaciones de la Casa <a class=\"mh-excerpt-more\" href=\"https:\/\/www.obispadorqta.org.ar\/v3\/encuentro-de-presbiterio-12\/\" title=\"Encuentro de Presbiterio\">[&#8230;]<\/a><\/p>\n<\/div>","protected":false},"author":3,"featured_media":8028,"comment_status":"closed","ping_status":"open","sticky":false,"template":"","format":"standard","meta":{"footnotes":""},"categories":[6,28],"tags":[],"class_list":["post-8207","post","type-post","status-publish","format-standard","has-post-thumbnail","hentry","category-news","category-latest-news"],"_links":{"self":[{"href":"https:\/\/www.obispadorqta.org.ar\/v3\/wp-json\/wp\/v2\/posts\/8207","targetHints":{"allow":["GET"]}}],"collection":[{"href":"https:\/\/www.obispadorqta.org.ar\/v3\/wp-json\/wp\/v2\/posts"}],"about":[{"href":"https:\/\/www.obispadorqta.org.ar\/v3\/wp-json\/wp\/v2\/types\/post"}],"author":[{"embeddable":true,"href":"https:\/\/www.obispadorqta.org.ar\/v3\/wp-json\/wp\/v2\/users\/3"}],"replies":[{"embeddable":true,"href":"https:\/\/www.obispadorqta.org.ar\/v3\/wp-json\/wp\/v2\/comments?post=8207"}],"version-history":[{"count":1,"href":"https:\/\/www.obispadorqta.org.ar\/v3\/wp-json\/wp\/v2\/posts\/8207\/revisions"}],"predecessor-version":[{"id":8208,"href":"https:\/\/www.obispadorqta.org.ar\/v3\/wp-json\/wp\/v2\/posts\/8207\/revisions\/8208"}],"wp:featuredmedia":[{"embeddable":true,"href":"https:\/\/www.obispadorqta.org.ar\/v3\/wp-json\/wp\/v2\/media\/8028"}],"wp:attachment":[{"href":"https:\/\/www.obispadorqta.org.ar\/v3\/wp-json\/wp\/v2\/media?parent=8207"}],"wp:term":[{"taxonomy":"category","embeddable":true,"href":"https:\/\/www.obispadorqta.org.ar\/v3\/wp-json\/wp\/v2\/categories?post=8207"},{"taxonomy":"post_tag","embeddable":true,"href":"https:\/\/www.obispadorqta.org.ar\/v3\/wp-json\/wp\/v2\/tags?post=8207"}],"curies":[{"name":"wp","href":"https:\/\/api.w.org\/{rel}","templated":true}]}}