{"id":8219,"date":"2022-10-27T09:39:08","date_gmt":"2022-10-27T12:39:08","guid":{"rendered":"http:\/\/www.obispadorqta.org.ar\/v3\/?p=8219"},"modified":"2022-10-28T08:13:14","modified_gmt":"2022-10-28T11:13:14","slug":"xv-encuentro-regional-diaconos-permanentes-nea","status":"publish","type":"post","link":"https:\/\/www.obispadorqta.org.ar\/v3\/xv-encuentro-regional-diaconos-permanentes-nea\/","title":{"rendered":"XV Encuentro Regional Di\u00e1conos Permanentes NEA"},"content":{"rendered":"<p style=\"text-align: justify;\">Los d\u00edas 28, 29 y 30 de octubre, se realizar\u00e1 en nuestra di\u00f3cesis, el XV Encuentro Regional de Di\u00e1conos Permanentes del NEA. El mismo se desarrollara en las instalaciones del CECABS (Paraje La Lola). El lema con el que se reunir\u00e1n quienes prestan este valioso servicio a la Iglesia, ser\u00e1: \u201cEl Misterio Diaconal en una Iglesia Sinodal\u201d<\/p>\n<p style=\"text-align: justify;\">Durante el fin de semana, los di\u00e1conos compartir\u00e1n momentos de oraci\u00f3n, de reflexi\u00f3n, charlas formativas y trabajo en grupo. Adem\u00e1s, tendr\u00e1n un tiempo dedicado al compartir fraterno.<\/p>\n<p style=\"text-align: justify;\">Estos encuentros anuales, que se realizan en distintas ciudades de las 10 di\u00f3cesis que integran la regi\u00f3n, se enmarcan en la formaci\u00f3n permanente de los di\u00e1conos, que se orienta en diverso ejes: Pastoral, teol\u00f3gico; Eclesial y Humano.<\/p>\n<p style=\"text-align: justify;\">\u00a1Recemos por ellos y por los frutos de estos d\u00edas de encuentro, por el ministerio de todos los Di\u00e1conos permanentes!<\/p>\n","protected":false},"excerpt":{"rendered":"<div class=\"mh-excerpt\"><p>Los d\u00edas 28, 29 y 30 de octubre, se realizar\u00e1 en nuestra di\u00f3cesis, el XV Encuentro Regional de Di\u00e1conos Permanentes del NEA. El mismo se <a class=\"mh-excerpt-more\" href=\"https:\/\/www.obispadorqta.org.ar\/v3\/xv-encuentro-regional-diaconos-permanentes-nea\/\" title=\"XV Encuentro Regional Di\u00e1conos Permanentes NEA\">[&#8230;]<\/a><\/p>\n<\/div>","protected":false},"author":3,"featured_media":8224,"comment_status":"closed","ping_status":"open","sticky":false,"template":"","format":"standard","meta":{"footnotes":""},"categories":[6,28],"tags":[],"class_list":["post-8219","post","type-post","status-publish","format-standard","has-post-thumbnail","hentry","category-news","category-latest-news"],"_links":{"self":[{"href":"https:\/\/www.obispadorqta.org.ar\/v3\/wp-json\/wp\/v2\/posts\/8219","targetHints":{"allow":["GET"]}}],"collection":[{"href":"https:\/\/www.obispadorqta.org.ar\/v3\/wp-json\/wp\/v2\/posts"}],"about":[{"href":"https:\/\/www.obispadorqta.org.ar\/v3\/wp-json\/wp\/v2\/types\/post"}],"author":[{"embeddable":true,"href":"https:\/\/www.obispadorqta.org.ar\/v3\/wp-json\/wp\/v2\/users\/3"}],"replies":[{"embeddable":true,"href":"https:\/\/www.obispadorqta.org.ar\/v3\/wp-json\/wp\/v2\/comments?post=8219"}],"version-history":[{"count":3,"href":"https:\/\/www.obispadorqta.org.ar\/v3\/wp-json\/wp\/v2\/posts\/8219\/revisions"}],"predecessor-version":[{"id":8225,"href":"https:\/\/www.obispadorqta.org.ar\/v3\/wp-json\/wp\/v2\/posts\/8219\/revisions\/8225"}],"wp:featuredmedia":[{"embeddable":true,"href":"https:\/\/www.obispadorqta.org.ar\/v3\/wp-json\/wp\/v2\/media\/8224"}],"wp:attachment":[{"href":"https:\/\/www.obispadorqta.org.ar\/v3\/wp-json\/wp\/v2\/media?parent=8219"}],"wp:term":[{"taxonomy":"category","embeddable":true,"href":"https:\/\/www.obispadorqta.org.ar\/v3\/wp-json\/wp\/v2\/categories?post=8219"},{"taxonomy":"post_tag","embeddable":true,"href":"https:\/\/www.obispadorqta.org.ar\/v3\/wp-json\/wp\/v2\/tags?post=8219"}],"curies":[{"name":"wp","href":"https:\/\/api.w.org\/{rel}","templated":true}]}}