{"id":8226,"date":"2022-10-28T09:38:28","date_gmt":"2022-10-28T12:38:28","guid":{"rendered":"http:\/\/www.obispadorqta.org.ar\/v3\/?p=8226"},"modified":"2022-10-28T09:38:53","modified_gmt":"2022-10-28T12:38:53","slug":"sedioca-encuentro-diocesano-de-catequesis","status":"publish","type":"post","link":"https:\/\/www.obispadorqta.org.ar\/v3\/sedioca-encuentro-diocesano-de-catequesis\/","title":{"rendered":"SEDIOCA &#8211; Encuentro Diocesano de Catequesis"},"content":{"rendered":"<p style=\"text-align: justify;\"><span style=\"color: #000000;\">Estimados sacerdotes y catequistas, luego de que el tiempo de pandemia nos limitara en los encuentros presenciales masivos, nos acercamos a ustedes para invitarlos al pr\u00f3ximo Encuentro Diocesano de Catequesis, el ENDIOCA.<\/span><\/p>\n<p style=\"text-align: justify;\"><span style=\"color: #000000;\">La misma ser\u00e1 el pr\u00f3ximo s\u00e1bado 5 de noviembre de 8:15 a 17:00, incluyendo la celebraci\u00f3n de la Santa Misa. El lugar es el Colegio San Jos\u00e9 de Reconquista, cito en calle Iturraspe 842. Es para todos los catequistas de todas las \u00e1reas.<\/span><\/p>\n<p style=\"text-align: justify;\"><span style=\"color: #000000;\">La jornada estar\u00e1 animada por la Hermana Elba Pigh\u00edn, destacada pedagoga e integrante de la Junta Nacional de Catequesis. El almuerzo es a la canasta y habr\u00e1 servicio de bebidas y empanadas. No se suspende por lluvia.<\/span><\/p>\n<p style=\"text-align: justify;\"><span style=\"color: #000000;\">No alienta el Papa Francisco: \u201cEl catequista es consciente de haber recibido un don, el don de la fe, y lo da como don a los otros. Y esto es hermoso. \u00a1Y no se queda para s\u00ed su tanto por ciento! Todo lo que recibe lo da. No se trata de un negocio. Es puro don: don recibido y don transmitido\u201d.<\/span><\/p>\n<p style=\"text-align: justify;\"><span style=\"color: #000000;\">Los saludamos cercanamente.<\/span><\/p>\n<p style=\"text-align: right;\"><span style=\"color: #000000;\"><em>Junta Diocesana de Catequesis de Reconquista<\/em><\/span><\/p>\n","protected":false},"excerpt":{"rendered":"<div class=\"mh-excerpt\"><p>Estimados sacerdotes y catequistas, luego de que el tiempo de pandemia nos limitara en los encuentros presenciales masivos, nos acercamos a ustedes para invitarlos al <a class=\"mh-excerpt-more\" href=\"https:\/\/www.obispadorqta.org.ar\/v3\/sedioca-encuentro-diocesano-de-catequesis\/\" title=\"SEDIOCA &#8211; Encuentro Diocesano de Catequesis\">[&#8230;]<\/a><\/p>\n<\/div>","protected":false},"author":3,"featured_media":3422,"comment_status":"closed","ping_status":"open","sticky":false,"template":"","format":"standard","meta":{"footnotes":""},"categories":[6,28],"tags":[],"class_list":["post-8226","post","type-post","status-publish","format-standard","has-post-thumbnail","hentry","category-news","category-latest-news"],"_links":{"self":[{"href":"https:\/\/www.obispadorqta.org.ar\/v3\/wp-json\/wp\/v2\/posts\/8226","targetHints":{"allow":["GET"]}}],"collection":[{"href":"https:\/\/www.obispadorqta.org.ar\/v3\/wp-json\/wp\/v2\/posts"}],"about":[{"href":"https:\/\/www.obispadorqta.org.ar\/v3\/wp-json\/wp\/v2\/types\/post"}],"author":[{"embeddable":true,"href":"https:\/\/www.obispadorqta.org.ar\/v3\/wp-json\/wp\/v2\/users\/3"}],"replies":[{"embeddable":true,"href":"https:\/\/www.obispadorqta.org.ar\/v3\/wp-json\/wp\/v2\/comments?post=8226"}],"version-history":[{"count":1,"href":"https:\/\/www.obispadorqta.org.ar\/v3\/wp-json\/wp\/v2\/posts\/8226\/revisions"}],"predecessor-version":[{"id":8228,"href":"https:\/\/www.obispadorqta.org.ar\/v3\/wp-json\/wp\/v2\/posts\/8226\/revisions\/8228"}],"wp:featuredmedia":[{"embeddable":true,"href":"https:\/\/www.obispadorqta.org.ar\/v3\/wp-json\/wp\/v2\/media\/3422"}],"wp:attachment":[{"href":"https:\/\/www.obispadorqta.org.ar\/v3\/wp-json\/wp\/v2\/media?parent=8226"}],"wp:term":[{"taxonomy":"category","embeddable":true,"href":"https:\/\/www.obispadorqta.org.ar\/v3\/wp-json\/wp\/v2\/categories?post=8226"},{"taxonomy":"post_tag","embeddable":true,"href":"https:\/\/www.obispadorqta.org.ar\/v3\/wp-json\/wp\/v2\/tags?post=8226"}],"curies":[{"name":"wp","href":"https:\/\/api.w.org\/{rel}","templated":true}]}}