{"id":8230,"date":"2022-11-01T08:45:21","date_gmt":"2022-11-01T11:45:21","guid":{"rendered":"http:\/\/www.obispadorqta.org.ar\/v3\/?p=8230"},"modified":"2022-11-01T08:45:53","modified_gmt":"2022-11-01T11:45:53","slug":"santificacion-del-pueblo-argentino-y-la-glorificacion-de-sus-siervos-de-dios","status":"publish","type":"post","link":"https:\/\/www.obispadorqta.org.ar\/v3\/santificacion-del-pueblo-argentino-y-la-glorificacion-de-sus-siervos-de-dios\/","title":{"rendered":"Santificaci\u00f3n del Pueblo Argentino y la glorificaci\u00f3n de sus Siervos de Dios."},"content":{"rendered":"<p style=\"text-align: justify;\">La Iglesia en Argentina celebrar\u00e1 hoy, martes 01 de noviembre, Solemnidad de Todos los Santos, la 26\u00b0 Jornada Nacional de oraci\u00f3n por la santificaci\u00f3n del pueblo argentino y la glorificaci\u00f3n de sus siervos de Dios.<\/p>\n<p style=\"text-align: justify;\">\u201cBautismo y santidad es una llamada para vivir nuestra vida en clave cristiana, para dejar que Dios obre con su Esp\u00edritu en nosotros\u201d, expresa en un videomensaje el delegado episcopal para las Causas de los Santos y obispo castrense, monse\u00f1or Santiago Olivera, al convocar a unirse a esta\u00a0 Jornada Nacional de Oraci\u00f3n.<\/p>\n<p><iframe loading=\"lazy\" title=\"26\u00b0 Jornada por la Santificaci\u00f3n del Pueblo argentino y la Glorificaci\u00f3n de sus Siervo\" width=\"500\" height=\"281\" src=\"https:\/\/www.youtube.com\/embed\/jDBzSrAFl_I?start=15&#038;feature=oembed\" frameborder=\"0\" allow=\"accelerometer; autoplay; clipboard-write; encrypted-media; gyroscope; picture-in-picture; web-share\" referrerpolicy=\"strict-origin-when-cross-origin\" allowfullscreen><\/iframe><\/p>\n<p style=\"text-align: justify;\">\u201c&#8230;queremos compartir y presentarles estas iniciativas que ayuden a nuestro pueblo y a cada uno de nosotros, para rezar por esta vocaci\u00f3n que nos iguala a todos, que es la santidad. Bautismo y santidad es una llamada para vivir nuestra vida en clave cristiana, para dejar que Dios obre con su Esp\u00edritu en nosotros, nos transforme y podamos responder a nuestra vocaci\u00f3n\u201d, sostuvo<\/p>\n<p style=\"text-align: justify;\">\u201cLos animo, nos animamos todos a renovar esta oraci\u00f3n confiada pidiendo por nuestra propia santidad, por la santidad de nuestro pueblo, para que pronto pueda haber faros y modelos como lo son los santos, que nos ayuden a responder con docilidad a esta vocaci\u00f3n com\u00fan. Bendiciones y que esta nueva solemnidad, nos renueve el compromiso de rezar por estas intenciones\u201d, pidi\u00f3.<\/p>\n<p><img loading=\"lazy\" decoding=\"async\" class=\"aligncenter  wp-image-8243\" src=\"https:\/\/www.obispadorqta.org.ar\/v3\/wp-content\/uploads\/2022\/11\/poAZMMZtSKzA-1.jpg\" alt=\"\" width=\"493\" height=\"715\" srcset=\"https:\/\/www.obispadorqta.org.ar\/v3\/wp-content\/uploads\/2022\/11\/poAZMMZtSKzA-1.jpg 750w, https:\/\/www.obispadorqta.org.ar\/v3\/wp-content\/uploads\/2022\/11\/poAZMMZtSKzA-1-207x300.jpg 207w, https:\/\/www.obispadorqta.org.ar\/v3\/wp-content\/uploads\/2022\/11\/poAZMMZtSKzA-1-706x1024.jpg 706w\" sizes=\"auto, (max-width: 493px) 100vw, 493px\" \/><\/p>\n","protected":false},"excerpt":{"rendered":"<div class=\"mh-excerpt\"><p>La Iglesia en Argentina celebrar\u00e1 hoy, martes 01 de noviembre, Solemnidad de Todos los Santos, la 26\u00b0 Jornada Nacional de oraci\u00f3n por la santificaci\u00f3n del <a class=\"mh-excerpt-more\" href=\"https:\/\/www.obispadorqta.org.ar\/v3\/santificacion-del-pueblo-argentino-y-la-glorificacion-de-sus-siervos-de-dios\/\" title=\"Santificaci\u00f3n del Pueblo Argentino y la glorificaci\u00f3n de sus Siervos de Dios.\">[&#8230;]<\/a><\/p>\n<\/div>","protected":false},"author":3,"featured_media":8240,"comment_status":"open","ping_status":"open","sticky":false,"template":"","format":"standard","meta":{"footnotes":""},"categories":[6,28],"tags":[],"class_list":["post-8230","post","type-post","status-publish","format-standard","has-post-thumbnail","hentry","category-news","category-latest-news"],"_links":{"self":[{"href":"https:\/\/www.obispadorqta.org.ar\/v3\/wp-json\/wp\/v2\/posts\/8230","targetHints":{"allow":["GET"]}}],"collection":[{"href":"https:\/\/www.obispadorqta.org.ar\/v3\/wp-json\/wp\/v2\/posts"}],"about":[{"href":"https:\/\/www.obispadorqta.org.ar\/v3\/wp-json\/wp\/v2\/types\/post"}],"author":[{"embeddable":true,"href":"https:\/\/www.obispadorqta.org.ar\/v3\/wp-json\/wp\/v2\/users\/3"}],"replies":[{"embeddable":true,"href":"https:\/\/www.obispadorqta.org.ar\/v3\/wp-json\/wp\/v2\/comments?post=8230"}],"version-history":[{"count":4,"href":"https:\/\/www.obispadorqta.org.ar\/v3\/wp-json\/wp\/v2\/posts\/8230\/revisions"}],"predecessor-version":[{"id":8245,"href":"https:\/\/www.obispadorqta.org.ar\/v3\/wp-json\/wp\/v2\/posts\/8230\/revisions\/8245"}],"wp:featuredmedia":[{"embeddable":true,"href":"https:\/\/www.obispadorqta.org.ar\/v3\/wp-json\/wp\/v2\/media\/8240"}],"wp:attachment":[{"href":"https:\/\/www.obispadorqta.org.ar\/v3\/wp-json\/wp\/v2\/media?parent=8230"}],"wp:term":[{"taxonomy":"category","embeddable":true,"href":"https:\/\/www.obispadorqta.org.ar\/v3\/wp-json\/wp\/v2\/categories?post=8230"},{"taxonomy":"post_tag","embeddable":true,"href":"https:\/\/www.obispadorqta.org.ar\/v3\/wp-json\/wp\/v2\/tags?post=8230"}],"curies":[{"name":"wp","href":"https:\/\/api.w.org\/{rel}","templated":true}]}}