{"id":8246,"date":"2022-11-07T08:15:53","date_gmt":"2022-11-07T11:15:53","guid":{"rendered":"http:\/\/www.obispadorqta.org.ar\/v3\/?p=8246"},"modified":"2022-11-07T08:28:22","modified_gmt":"2022-11-07T11:28:22","slug":"121-asamblea-plenaria-cea","status":"publish","type":"post","link":"https:\/\/www.obispadorqta.org.ar\/v3\/121-asamblea-plenaria-cea\/","title":{"rendered":"121\u00b0 Asamblea Plenaria  CEA"},"content":{"rendered":"<p style=\"text-align: justify;\">Desde el lunes 7 hasta el viernes 11 de noviembre, el obispo diocesano, Mons. \u00c1ngel Jos\u00e9 Mac\u00edn, participara de la 121\u00b0 Asamblea Plenaria del Episcopado Argentino, en la Casa de Retiros \u201cEl Cen\u00e1culo\u201d, en la localidad de Pilar, Buenos Aires.<\/p>\n<p style=\"text-align: justify;\">La misma estar\u00e1 presidida por el presidente de la Conferencia Episcopal Argentina y obispo de San Isidro, Mons. Oscar Ojea junto a la Comisi\u00f3n Ejecutiva. Han sido convocados 96 obispos de todo el pa\u00eds, y se encuentran invitados el Nuncio Apost\u00f3lico Mons. Miroslaw Adamczyk, 41 obispos em\u00e9ritos y 2 obispos electos.<\/p>\n<p style=\"text-align: justify;\">Las sesiones comenzar\u00e1n durante la tarde del lunes con el habitual intercambio pastoral donde los Obispos de las distintas regiones del pa\u00eds comparten las realidades de la evangelizaci\u00f3n y desaf\u00edos que se presentan en este tiempo. Adem\u00e1s, reflexionar\u00e1n aspectos que tienen que ver con la vida de los Presb\u00edteros y recibir\u00e1n para su debate y aprobaci\u00f3n el plan de Formaci\u00f3n para los Seminarios. Se debatir\u00e1n a lo largo de esta semana el documento para el itinerario para la Formaci\u00f3n de los Catequistas, textos lit\u00fargicos presentados por la Comisi\u00f3n Episcopal de Liturgia y avances en el camino de reforma econ\u00f3mica que lleva adelante la Conferencia Episcopal.<\/p>\n<p style=\"text-align: justify;\">Invitamos a todo el pueblo de Dios a rezar por los Pastores reunidos en comuni\u00f3n, pidiendo que el Esp\u00edritu Santo renueve en ellos la fraternidad, y esta Asamblea de frutos abundantes para una fecunda evangelizaci\u00f3n.<\/p>\n","protected":false},"excerpt":{"rendered":"<div class=\"mh-excerpt\"><p>Desde el lunes 7 hasta el viernes 11 de noviembre, el obispo diocesano, Mons. \u00c1ngel Jos\u00e9 Mac\u00edn, participara de la 121\u00b0 Asamblea Plenaria del Episcopado <a class=\"mh-excerpt-more\" href=\"https:\/\/www.obispadorqta.org.ar\/v3\/121-asamblea-plenaria-cea\/\" title=\"121\u00b0 Asamblea Plenaria  CEA\">[&#8230;]<\/a><\/p>\n<\/div>","protected":false},"author":3,"featured_media":8247,"comment_status":"closed","ping_status":"open","sticky":false,"template":"","format":"standard","meta":{"footnotes":""},"categories":[6,28],"tags":[],"class_list":["post-8246","post","type-post","status-publish","format-standard","has-post-thumbnail","hentry","category-news","category-latest-news"],"_links":{"self":[{"href":"https:\/\/www.obispadorqta.org.ar\/v3\/wp-json\/wp\/v2\/posts\/8246","targetHints":{"allow":["GET"]}}],"collection":[{"href":"https:\/\/www.obispadorqta.org.ar\/v3\/wp-json\/wp\/v2\/posts"}],"about":[{"href":"https:\/\/www.obispadorqta.org.ar\/v3\/wp-json\/wp\/v2\/types\/post"}],"author":[{"embeddable":true,"href":"https:\/\/www.obispadorqta.org.ar\/v3\/wp-json\/wp\/v2\/users\/3"}],"replies":[{"embeddable":true,"href":"https:\/\/www.obispadorqta.org.ar\/v3\/wp-json\/wp\/v2\/comments?post=8246"}],"version-history":[{"count":3,"href":"https:\/\/www.obispadorqta.org.ar\/v3\/wp-json\/wp\/v2\/posts\/8246\/revisions"}],"predecessor-version":[{"id":8250,"href":"https:\/\/www.obispadorqta.org.ar\/v3\/wp-json\/wp\/v2\/posts\/8246\/revisions\/8250"}],"wp:featuredmedia":[{"embeddable":true,"href":"https:\/\/www.obispadorqta.org.ar\/v3\/wp-json\/wp\/v2\/media\/8247"}],"wp:attachment":[{"href":"https:\/\/www.obispadorqta.org.ar\/v3\/wp-json\/wp\/v2\/media?parent=8246"}],"wp:term":[{"taxonomy":"category","embeddable":true,"href":"https:\/\/www.obispadorqta.org.ar\/v3\/wp-json\/wp\/v2\/categories?post=8246"},{"taxonomy":"post_tag","embeddable":true,"href":"https:\/\/www.obispadorqta.org.ar\/v3\/wp-json\/wp\/v2\/tags?post=8246"}],"curies":[{"name":"wp","href":"https:\/\/api.w.org\/{rel}","templated":true}]}}