{"id":8252,"date":"2022-11-09T10:16:37","date_gmt":"2022-11-09T13:16:37","guid":{"rendered":"http:\/\/www.obispadorqta.org.ar\/v3\/?p=8252"},"modified":"2022-11-09T10:16:37","modified_gmt":"2022-11-09T13:16:37","slug":"jornada-mundial-de-los-pobres","status":"publish","type":"post","link":"https:\/\/www.obispadorqta.org.ar\/v3\/jornada-mundial-de-los-pobres\/","title":{"rendered":"Jornada Mundial de los Pobres"},"content":{"rendered":"<p style=\"text-align: justify;\"><span style=\"color: #000000;\">El domingo 13 de noviembre la Iglesia celebra la <strong>VI Jornada Mundial de los Pobres.<\/strong> Este a\u00f1o, el papa Francisco propone como lema<em> \u201cJesucristo se hizo pobre por vosotros\u201d.<\/em><\/span><\/p>\n<p style=\"text-align: justify;\"><span style=\"color: #000000;\">Con motivo de esta celebraci\u00f3n, a un a\u00f1o del lanzamiento del camino sinodal, y en nuestra condici\u00f3n de ser \u201cPueblo de Dios Peregrino\u201d, nuestro Obispo y Pastor, Mons. \u00c1ngel Jos\u00e9 Mac\u00edn, junto al Consejo Diocesano de Pastoral, proponen un proceso de escucha, para conocer qu\u00e9 pensamos como Iglesia sobre los pobres y crecer en el compromiso , para descubrir las pobrezas espirituales de cada uno y reconocer en ellas el poder transformador de la gracia de Jes\u00fas. <\/span><span style=\"color: #000000;\">El dolor compartido es m\u00e1s f\u00e1cil de sobrellevar, y las riquezas del discernimiento se ven reflejadas en los frutos de comuni\u00f3n, esperanza y amor verdadero y gratuito que todos comienzan a experimentar al unirse como comunidad en Jes\u00fas.<\/span><\/p>\n<p style=\"text-align: justify;\"><span style=\"color: #000000;\">La Jornada de los Pobres en nuestra di\u00f3cesis se convierte en una oportunidad de gracia, para hacer un examen de conciencia personal y comunitaria, para detenernos a descubrir la realidad de que ante el pobre nos involucramos todos, \u201cno hablamos de ustedes, sino de nosotros\u201d. La invitaci\u00f3n es a crecer en experiencia para ser una Iglesia de la escucha, ser una Iglesia de la cercan\u00eda, para ello necesitamos ejercitarnos en actitudes y profundizar este tipo de escuchas.<\/span><\/p>\n","protected":false},"excerpt":{"rendered":"<div class=\"mh-excerpt\"><p>El domingo 13 de noviembre la Iglesia celebra la VI Jornada Mundial de los Pobres. Este a\u00f1o, el papa Francisco propone como lema \u201cJesucristo se <a class=\"mh-excerpt-more\" href=\"https:\/\/www.obispadorqta.org.ar\/v3\/jornada-mundial-de-los-pobres\/\" title=\"Jornada Mundial de los Pobres\">[&#8230;]<\/a><\/p>\n<\/div>","protected":false},"author":3,"featured_media":8255,"comment_status":"open","ping_status":"open","sticky":false,"template":"","format":"standard","meta":{"footnotes":""},"categories":[6,28],"tags":[],"class_list":["post-8252","post","type-post","status-publish","format-standard","has-post-thumbnail","hentry","category-news","category-latest-news"],"_links":{"self":[{"href":"https:\/\/www.obispadorqta.org.ar\/v3\/wp-json\/wp\/v2\/posts\/8252","targetHints":{"allow":["GET"]}}],"collection":[{"href":"https:\/\/www.obispadorqta.org.ar\/v3\/wp-json\/wp\/v2\/posts"}],"about":[{"href":"https:\/\/www.obispadorqta.org.ar\/v3\/wp-json\/wp\/v2\/types\/post"}],"author":[{"embeddable":true,"href":"https:\/\/www.obispadorqta.org.ar\/v3\/wp-json\/wp\/v2\/users\/3"}],"replies":[{"embeddable":true,"href":"https:\/\/www.obispadorqta.org.ar\/v3\/wp-json\/wp\/v2\/comments?post=8252"}],"version-history":[{"count":1,"href":"https:\/\/www.obispadorqta.org.ar\/v3\/wp-json\/wp\/v2\/posts\/8252\/revisions"}],"predecessor-version":[{"id":8254,"href":"https:\/\/www.obispadorqta.org.ar\/v3\/wp-json\/wp\/v2\/posts\/8252\/revisions\/8254"}],"wp:featuredmedia":[{"embeddable":true,"href":"https:\/\/www.obispadorqta.org.ar\/v3\/wp-json\/wp\/v2\/media\/8255"}],"wp:attachment":[{"href":"https:\/\/www.obispadorqta.org.ar\/v3\/wp-json\/wp\/v2\/media?parent=8252"}],"wp:term":[{"taxonomy":"category","embeddable":true,"href":"https:\/\/www.obispadorqta.org.ar\/v3\/wp-json\/wp\/v2\/categories?post=8252"},{"taxonomy":"post_tag","embeddable":true,"href":"https:\/\/www.obispadorqta.org.ar\/v3\/wp-json\/wp\/v2\/tags?post=8252"}],"curies":[{"name":"wp","href":"https:\/\/api.w.org\/{rel}","templated":true}]}}