{"id":8257,"date":"2022-11-14T08:11:48","date_gmt":"2022-11-14T11:11:48","guid":{"rendered":"http:\/\/www.obispadorqta.org.ar\/v3\/?p=8257"},"modified":"2022-11-14T08:11:58","modified_gmt":"2022-11-14T11:11:58","slug":"accion-de-gracias-por-el-apostolado-de-las-religiosas-de-san-jose-en-lanteri","status":"publish","type":"post","link":"https:\/\/www.obispadorqta.org.ar\/v3\/accion-de-gracias-por-el-apostolado-de-las-religiosas-de-san-jose-en-lanteri\/","title":{"rendered":"ACCI\u00d3N DE GRACIAS POR EL APOSTOLADO DE LAS RELIGIOSAS DE SAN JOS\u00c9 EN LANTERI"},"content":{"rendered":"<p style=\"text-align: justify;\">El mi\u00e9rcoles 16 de noviembre, a las 20 hs., en el templo parroquial \u00abNtra. Sra. del Rosario\u00bb de Lanteri, el obispo diocesano, Mons. \u00c1ngel Jos\u00e9 Mac\u00edn presidir\u00e1 la misa de acci\u00f3n de gracias por el apostolado de las religiosas de San Jos\u00e9 en esa comunidad, quienes despu\u00e9s de d\u00e9cadas se retiran por razones de edad y falta de vocaciones.<\/p>\n<p style=\"text-align: justify;\">Al finalizar la misa, se compartir\u00e1 un momento fraterno en el club de Lanteri.<\/p>\n","protected":false},"excerpt":{"rendered":"<div class=\"mh-excerpt\"><p>El mi\u00e9rcoles 16 de noviembre, a las 20 hs., en el templo parroquial \u00abNtra. Sra. del Rosario\u00bb de Lanteri, el obispo diocesano, Mons. \u00c1ngel Jos\u00e9 <a class=\"mh-excerpt-more\" href=\"https:\/\/www.obispadorqta.org.ar\/v3\/accion-de-gracias-por-el-apostolado-de-las-religiosas-de-san-jose-en-lanteri\/\" title=\"ACCI\u00d3N DE GRACIAS POR EL APOSTOLADO DE LAS RELIGIOSAS DE SAN JOS\u00c9 EN LANTERI\">[&#8230;]<\/a><\/p>\n<\/div>","protected":false},"author":2,"featured_media":3735,"comment_status":"closed","ping_status":"open","sticky":false,"template":"","format":"standard","meta":{"footnotes":""},"categories":[6,28],"tags":[],"class_list":["post-8257","post","type-post","status-publish","format-standard","has-post-thumbnail","hentry","category-news","category-latest-news"],"_links":{"self":[{"href":"https:\/\/www.obispadorqta.org.ar\/v3\/wp-json\/wp\/v2\/posts\/8257","targetHints":{"allow":["GET"]}}],"collection":[{"href":"https:\/\/www.obispadorqta.org.ar\/v3\/wp-json\/wp\/v2\/posts"}],"about":[{"href":"https:\/\/www.obispadorqta.org.ar\/v3\/wp-json\/wp\/v2\/types\/post"}],"author":[{"embeddable":true,"href":"https:\/\/www.obispadorqta.org.ar\/v3\/wp-json\/wp\/v2\/users\/2"}],"replies":[{"embeddable":true,"href":"https:\/\/www.obispadorqta.org.ar\/v3\/wp-json\/wp\/v2\/comments?post=8257"}],"version-history":[{"count":1,"href":"https:\/\/www.obispadorqta.org.ar\/v3\/wp-json\/wp\/v2\/posts\/8257\/revisions"}],"predecessor-version":[{"id":8258,"href":"https:\/\/www.obispadorqta.org.ar\/v3\/wp-json\/wp\/v2\/posts\/8257\/revisions\/8258"}],"wp:featuredmedia":[{"embeddable":true,"href":"https:\/\/www.obispadorqta.org.ar\/v3\/wp-json\/wp\/v2\/media\/3735"}],"wp:attachment":[{"href":"https:\/\/www.obispadorqta.org.ar\/v3\/wp-json\/wp\/v2\/media?parent=8257"}],"wp:term":[{"taxonomy":"category","embeddable":true,"href":"https:\/\/www.obispadorqta.org.ar\/v3\/wp-json\/wp\/v2\/categories?post=8257"},{"taxonomy":"post_tag","embeddable":true,"href":"https:\/\/www.obispadorqta.org.ar\/v3\/wp-json\/wp\/v2\/tags?post=8257"}],"curies":[{"name":"wp","href":"https:\/\/api.w.org\/{rel}","templated":true}]}}