{"id":8259,"date":"2022-11-15T09:15:11","date_gmt":"2022-11-15T12:15:11","guid":{"rendered":"http:\/\/www.obispadorqta.org.ar\/v3\/?p=8259"},"modified":"2022-11-15T09:15:36","modified_gmt":"2022-11-15T12:15:36","slug":"inauguracion-casa-manos-a-la-obra-barrio-ombusal","status":"publish","type":"post","link":"https:\/\/www.obispadorqta.org.ar\/v3\/inauguracion-casa-manos-a-la-obra-barrio-ombusal\/","title":{"rendered":"INAUGURACI\u00d3N CASA \u00abMANOS A LA OBRA\u00bb BARRIO OMBUSAL"},"content":{"rendered":"<p style=\"text-align: justify;\"><span style=\"color: #000000;\">Despu\u00e9s del convenio firmado con el Municipio, y habiendo comenzado con talleres de escucha y otras actividades para mujeres en el B\u00ba Ombusal, se dar\u00e1 inicio formal a esta experiencia.<\/span><\/p>\n<p style=\"text-align: justify;\"><span style=\"color: #000000;\">La misma est\u00e1 animada por gente del barrio y acompa\u00f1ada por la Junta de Pastoral de Adicciones de la Di\u00f3cesis de Reconquista.<\/span><\/p>\n<p style=\"text-align: justify;\"><span style=\"color: #000000;\">Celebramos este evento con marcado esp\u00edritu sinodal y cercan\u00eda con los sectores m\u00e1s vulnerables de nuestra comunidad<\/span><\/p>\n","protected":false},"excerpt":{"rendered":"<div class=\"mh-excerpt\"><p>Despu\u00e9s del convenio firmado con el Municipio, y habiendo comenzado con talleres de escucha y otras actividades para mujeres en el B\u00ba Ombusal, se dar\u00e1 <a class=\"mh-excerpt-more\" href=\"https:\/\/www.obispadorqta.org.ar\/v3\/inauguracion-casa-manos-a-la-obra-barrio-ombusal\/\" title=\"INAUGURACI\u00d3N CASA \u00abMANOS A LA OBRA\u00bb BARRIO OMBUSAL\">[&#8230;]<\/a><\/p>\n<\/div>","protected":false},"author":3,"featured_media":8272,"comment_status":"closed","ping_status":"open","sticky":false,"template":"","format":"standard","meta":{"footnotes":""},"categories":[6,28],"tags":[],"class_list":["post-8259","post","type-post","status-publish","format-standard","has-post-thumbnail","hentry","category-news","category-latest-news"],"_links":{"self":[{"href":"https:\/\/www.obispadorqta.org.ar\/v3\/wp-json\/wp\/v2\/posts\/8259","targetHints":{"allow":["GET"]}}],"collection":[{"href":"https:\/\/www.obispadorqta.org.ar\/v3\/wp-json\/wp\/v2\/posts"}],"about":[{"href":"https:\/\/www.obispadorqta.org.ar\/v3\/wp-json\/wp\/v2\/types\/post"}],"author":[{"embeddable":true,"href":"https:\/\/www.obispadorqta.org.ar\/v3\/wp-json\/wp\/v2\/users\/3"}],"replies":[{"embeddable":true,"href":"https:\/\/www.obispadorqta.org.ar\/v3\/wp-json\/wp\/v2\/comments?post=8259"}],"version-history":[{"count":1,"href":"https:\/\/www.obispadorqta.org.ar\/v3\/wp-json\/wp\/v2\/posts\/8259\/revisions"}],"predecessor-version":[{"id":8261,"href":"https:\/\/www.obispadorqta.org.ar\/v3\/wp-json\/wp\/v2\/posts\/8259\/revisions\/8261"}],"wp:featuredmedia":[{"embeddable":true,"href":"https:\/\/www.obispadorqta.org.ar\/v3\/wp-json\/wp\/v2\/media\/8272"}],"wp:attachment":[{"href":"https:\/\/www.obispadorqta.org.ar\/v3\/wp-json\/wp\/v2\/media?parent=8259"}],"wp:term":[{"taxonomy":"category","embeddable":true,"href":"https:\/\/www.obispadorqta.org.ar\/v3\/wp-json\/wp\/v2\/categories?post=8259"},{"taxonomy":"post_tag","embeddable":true,"href":"https:\/\/www.obispadorqta.org.ar\/v3\/wp-json\/wp\/v2\/tags?post=8259"}],"curies":[{"name":"wp","href":"https:\/\/api.w.org\/{rel}","templated":true}]}}