{"id":8277,"date":"2022-11-16T08:20:18","date_gmt":"2022-11-16T11:20:18","guid":{"rendered":"http:\/\/www.obispadorqta.org.ar\/v3\/?p=8277"},"modified":"2022-11-16T08:21:49","modified_gmt":"2022-11-16T11:21:49","slug":"colecta-anual-para-el-apostolado-laico-9","status":"publish","type":"post","link":"https:\/\/www.obispadorqta.org.ar\/v3\/colecta-anual-para-el-apostolado-laico-9\/","title":{"rendered":"Colecta Anual para el Apostolado Laico"},"content":{"rendered":"<p style=\"text-align: justify;\"><span style=\"color: #000000;\">Este fin de semana, <strong>19 y 20 de noviembre,<\/strong> Solemnidad de Cristo Rey, se realizara en toda la Di\u00f3cesis la <strong>Colecta Anual para el Apostolado Laico<\/strong>.<\/span><\/p>\n<p style=\"text-align: justify;\"><span style=\"color: #000000;\">El objetivo de esta Campa\u00f1a es que crezcamos en la alegr\u00eda de ser Iglesia y de contribuir con lo necesario para su sostenimiento. Participar en la misi\u00f3n apost\u00f3lica de la Iglesia responde al llamado que nos hace Cristo a todos para ser disc\u00edpulos y misioneros suyos.<\/span><\/p>\n<p style=\"text-align: justify;\"><span style=\"color: #000000;\">El dinero recaudado en esta colecta es destinado al sostenimiento y mantenimiento de la Sede Diocesana (Servicio de limpieza, Secretar\u00eda, Tel\u00e9fono, Luz, Gas, etc.). y la realizaci\u00f3n de tareas pastorales durante el a\u00f1o.<\/span><\/p>\n<p style=\"text-align: justify;\"><span style=\"color: #000000;\">Animamos a todos los cat\u00f3licos a sostener la misi\u00f3n evangelizadora de nuestra Iglesia, no solo con bienes, sino tambi\u00e9n con tiempo y talentos puestos a servicio de \u00e9sta.<\/span><\/p>\n<p style=\"text-align: justify;\"><em><span style=\"color: #000000;\">Somos parte de una Iglesia Sinodal, una Iglesia donde se nos invita a caminar juntos \u00bfTe parece que empecemos compartiendo?<\/span><\/em><\/p>\n","protected":false},"excerpt":{"rendered":"<div class=\"mh-excerpt\"><p>Este fin de semana, 19 y 20 de noviembre, Solemnidad de Cristo Rey, se realizara en toda la Di\u00f3cesis la Colecta Anual para el Apostolado <a class=\"mh-excerpt-more\" href=\"https:\/\/www.obispadorqta.org.ar\/v3\/colecta-anual-para-el-apostolado-laico-9\/\" title=\"Colecta Anual para el Apostolado Laico\">[&#8230;]<\/a><\/p>\n<\/div>","protected":false},"author":3,"featured_media":8280,"comment_status":"closed","ping_status":"open","sticky":false,"template":"","format":"standard","meta":{"footnotes":""},"categories":[6,28],"tags":[],"class_list":["post-8277","post","type-post","status-publish","format-standard","has-post-thumbnail","hentry","category-news","category-latest-news"],"_links":{"self":[{"href":"https:\/\/www.obispadorqta.org.ar\/v3\/wp-json\/wp\/v2\/posts\/8277","targetHints":{"allow":["GET"]}}],"collection":[{"href":"https:\/\/www.obispadorqta.org.ar\/v3\/wp-json\/wp\/v2\/posts"}],"about":[{"href":"https:\/\/www.obispadorqta.org.ar\/v3\/wp-json\/wp\/v2\/types\/post"}],"author":[{"embeddable":true,"href":"https:\/\/www.obispadorqta.org.ar\/v3\/wp-json\/wp\/v2\/users\/3"}],"replies":[{"embeddable":true,"href":"https:\/\/www.obispadorqta.org.ar\/v3\/wp-json\/wp\/v2\/comments?post=8277"}],"version-history":[{"count":3,"href":"https:\/\/www.obispadorqta.org.ar\/v3\/wp-json\/wp\/v2\/posts\/8277\/revisions"}],"predecessor-version":[{"id":8282,"href":"https:\/\/www.obispadorqta.org.ar\/v3\/wp-json\/wp\/v2\/posts\/8277\/revisions\/8282"}],"wp:featuredmedia":[{"embeddable":true,"href":"https:\/\/www.obispadorqta.org.ar\/v3\/wp-json\/wp\/v2\/media\/8280"}],"wp:attachment":[{"href":"https:\/\/www.obispadorqta.org.ar\/v3\/wp-json\/wp\/v2\/media?parent=8277"}],"wp:term":[{"taxonomy":"category","embeddable":true,"href":"https:\/\/www.obispadorqta.org.ar\/v3\/wp-json\/wp\/v2\/categories?post=8277"},{"taxonomy":"post_tag","embeddable":true,"href":"https:\/\/www.obispadorqta.org.ar\/v3\/wp-json\/wp\/v2\/tags?post=8277"}],"curies":[{"name":"wp","href":"https:\/\/api.w.org\/{rel}","templated":true}]}}