{"id":8283,"date":"2022-11-16T10:26:55","date_gmt":"2022-11-16T13:26:55","guid":{"rendered":"http:\/\/www.obispadorqta.org.ar\/v3\/?p=8283"},"modified":"2022-11-16T10:27:17","modified_gmt":"2022-11-16T13:27:17","slug":"espacio-radial-interreligioso","status":"publish","type":"post","link":"https:\/\/www.obispadorqta.org.ar\/v3\/espacio-radial-interreligioso\/","title":{"rendered":"Espacio Radial Interreligioso"},"content":{"rendered":"<p style=\"text-align: justify;\"><span style=\"color: #000000;\">Hermanos y hermanas de la Di\u00f3cesis de Reconquista y de la regi\u00f3n los invitamos a sumarse al Espacio Radial del Equipo Diocesano para el Ecumenismo y el Di\u00e1logo Interreligioso.\u00a0<\/span><\/p>\n<p><img loading=\"lazy\" decoding=\"async\" class=\"aligncenter size-full wp-image-8284\" src=\"https:\/\/www.obispadorqta.org.ar\/v3\/wp-content\/uploads\/2022\/11\/918d7f3e-1df5-450e-8db2-23eff10cd3b0.jpg\" alt=\"\" width=\"750\" height=\"1061\" srcset=\"https:\/\/www.obispadorqta.org.ar\/v3\/wp-content\/uploads\/2022\/11\/918d7f3e-1df5-450e-8db2-23eff10cd3b0.jpg 750w, https:\/\/www.obispadorqta.org.ar\/v3\/wp-content\/uploads\/2022\/11\/918d7f3e-1df5-450e-8db2-23eff10cd3b0-212x300.jpg 212w, https:\/\/www.obispadorqta.org.ar\/v3\/wp-content\/uploads\/2022\/11\/918d7f3e-1df5-450e-8db2-23eff10cd3b0-724x1024.jpg 724w\" sizes=\"auto, (max-width: 750px) 100vw, 750px\" \/><\/p>\n","protected":false},"excerpt":{"rendered":"<div class=\"mh-excerpt\"><p>Hermanos y hermanas de la Di\u00f3cesis de Reconquista y de la regi\u00f3n los invitamos a sumarse al Espacio Radial del Equipo Diocesano para el Ecumenismo <a class=\"mh-excerpt-more\" href=\"https:\/\/www.obispadorqta.org.ar\/v3\/espacio-radial-interreligioso\/\" title=\"Espacio Radial Interreligioso\">[&#8230;]<\/a><\/p>\n<\/div>","protected":false},"author":3,"featured_media":8290,"comment_status":"closed","ping_status":"open","sticky":false,"template":"","format":"standard","meta":{"footnotes":""},"categories":[6,28],"tags":[],"class_list":["post-8283","post","type-post","status-publish","format-standard","has-post-thumbnail","hentry","category-news","category-latest-news"],"_links":{"self":[{"href":"https:\/\/www.obispadorqta.org.ar\/v3\/wp-json\/wp\/v2\/posts\/8283","targetHints":{"allow":["GET"]}}],"collection":[{"href":"https:\/\/www.obispadorqta.org.ar\/v3\/wp-json\/wp\/v2\/posts"}],"about":[{"href":"https:\/\/www.obispadorqta.org.ar\/v3\/wp-json\/wp\/v2\/types\/post"}],"author":[{"embeddable":true,"href":"https:\/\/www.obispadorqta.org.ar\/v3\/wp-json\/wp\/v2\/users\/3"}],"replies":[{"embeddable":true,"href":"https:\/\/www.obispadorqta.org.ar\/v3\/wp-json\/wp\/v2\/comments?post=8283"}],"version-history":[{"count":3,"href":"https:\/\/www.obispadorqta.org.ar\/v3\/wp-json\/wp\/v2\/posts\/8283\/revisions"}],"predecessor-version":[{"id":8291,"href":"https:\/\/www.obispadorqta.org.ar\/v3\/wp-json\/wp\/v2\/posts\/8283\/revisions\/8291"}],"wp:featuredmedia":[{"embeddable":true,"href":"https:\/\/www.obispadorqta.org.ar\/v3\/wp-json\/wp\/v2\/media\/8290"}],"wp:attachment":[{"href":"https:\/\/www.obispadorqta.org.ar\/v3\/wp-json\/wp\/v2\/media?parent=8283"}],"wp:term":[{"taxonomy":"category","embeddable":true,"href":"https:\/\/www.obispadorqta.org.ar\/v3\/wp-json\/wp\/v2\/categories?post=8283"},{"taxonomy":"post_tag","embeddable":true,"href":"https:\/\/www.obispadorqta.org.ar\/v3\/wp-json\/wp\/v2\/tags?post=8283"}],"curies":[{"name":"wp","href":"https:\/\/api.w.org\/{rel}","templated":true}]}}