{"id":8292,"date":"2022-11-16T11:15:33","date_gmt":"2022-11-16T14:15:33","guid":{"rendered":"http:\/\/www.obispadorqta.org.ar\/v3\/?p=8292"},"modified":"2022-11-16T11:15:54","modified_gmt":"2022-11-16T14:15:54","slug":"lectorado-federico-muchiut","status":"publish","type":"post","link":"https:\/\/www.obispadorqta.org.ar\/v3\/lectorado-federico-muchiut\/","title":{"rendered":"LECTORADO FEDERICO MUCHIUT"},"content":{"rendered":"<p style=\"text-align: justify;\">El domingo 20 de noviembre, solemnidad de Cristo Rey, en la Parroquia \u00abNtra. Sra. de la Merced\u00bb, ser\u00e1 instituido como Lector, camino al sacerdocio, el seminarista Federico Muchiut.<\/p>\n<p style=\"text-align: justify;\">La celebraci\u00f3n ser\u00e1 presidida por el obispo diocesano, Mons. \u00c1ngel Jos\u00e9 Mac\u00edn, y tendr\u00e1 lugar en el templo parroquial a las 10 hs.<\/p>\n<p style=\"text-align: justify;\">Recemos por Federico, y por los dem\u00e1s seminaristas.<\/p>\n","protected":false},"excerpt":{"rendered":"<div class=\"mh-excerpt\"><p>El domingo 20 de noviembre, solemnidad de Cristo Rey, en la Parroquia \u00abNtra. Sra. de la Merced\u00bb, ser\u00e1 instituido como Lector, camino al sacerdocio, el <a class=\"mh-excerpt-more\" href=\"https:\/\/www.obispadorqta.org.ar\/v3\/lectorado-federico-muchiut\/\" title=\"LECTORADO FEDERICO MUCHIUT\">[&#8230;]<\/a><\/p>\n<\/div>","protected":false},"author":3,"featured_media":8300,"comment_status":"closed","ping_status":"open","sticky":false,"template":"","format":"standard","meta":{"footnotes":""},"categories":[6,28],"tags":[],"class_list":["post-8292","post","type-post","status-publish","format-standard","has-post-thumbnail","hentry","category-news","category-latest-news"],"_links":{"self":[{"href":"https:\/\/www.obispadorqta.org.ar\/v3\/wp-json\/wp\/v2\/posts\/8292","targetHints":{"allow":["GET"]}}],"collection":[{"href":"https:\/\/www.obispadorqta.org.ar\/v3\/wp-json\/wp\/v2\/posts"}],"about":[{"href":"https:\/\/www.obispadorqta.org.ar\/v3\/wp-json\/wp\/v2\/types\/post"}],"author":[{"embeddable":true,"href":"https:\/\/www.obispadorqta.org.ar\/v3\/wp-json\/wp\/v2\/users\/3"}],"replies":[{"embeddable":true,"href":"https:\/\/www.obispadorqta.org.ar\/v3\/wp-json\/wp\/v2\/comments?post=8292"}],"version-history":[{"count":3,"href":"https:\/\/www.obispadorqta.org.ar\/v3\/wp-json\/wp\/v2\/posts\/8292\/revisions"}],"predecessor-version":[{"id":8298,"href":"https:\/\/www.obispadorqta.org.ar\/v3\/wp-json\/wp\/v2\/posts\/8292\/revisions\/8298"}],"wp:featuredmedia":[{"embeddable":true,"href":"https:\/\/www.obispadorqta.org.ar\/v3\/wp-json\/wp\/v2\/media\/8300"}],"wp:attachment":[{"href":"https:\/\/www.obispadorqta.org.ar\/v3\/wp-json\/wp\/v2\/media?parent=8292"}],"wp:term":[{"taxonomy":"category","embeddable":true,"href":"https:\/\/www.obispadorqta.org.ar\/v3\/wp-json\/wp\/v2\/categories?post=8292"},{"taxonomy":"post_tag","embeddable":true,"href":"https:\/\/www.obispadorqta.org.ar\/v3\/wp-json\/wp\/v2\/tags?post=8292"}],"curies":[{"name":"wp","href":"https:\/\/api.w.org\/{rel}","templated":true}]}}