{"id":8315,"date":"2022-11-25T17:44:30","date_gmt":"2022-11-25T20:44:30","guid":{"rendered":"http:\/\/www.obispadorqta.org.ar\/v3\/?p=8315"},"modified":"2022-11-25T17:44:37","modified_gmt":"2022-11-25T20:44:37","slug":"cierre-ano-lectivo-del-seminario-interdiocesano-la-encarnacion-2","status":"publish","type":"post","link":"https:\/\/www.obispadorqta.org.ar\/v3\/cierre-ano-lectivo-del-seminario-interdiocesano-la-encarnacion-2\/","title":{"rendered":"Cierre a\u00f1o lectivo del Seminario Interdiocesano \u00abLa Encarnaci\u00f3n\u00bb"},"content":{"rendered":"<p style=\"text-align: justify;\">Los obispos de la regi\u00f3n NEA, presidir\u00e1n este lunes 28, a las 19 hs., la Eucar\u00edstica en acci\u00f3n de gracias por el cierre del ciclo lectivo 2022 en el Seminario Interdiocesano \u00abLa Encarnaci\u00f3n\u00bb, en la ciudad de Resistencia.<\/p>\n<p style=\"text-align: justify;\">Elevamos nuestras oraciones por los frutos de este ciclo lectivo que llega concluye y por los seminaristas que est\u00e1n realizando all\u00ed su formaci\u00f3n para en un futuro recibir el ministerio presbiteral.<\/p>\n","protected":false},"excerpt":{"rendered":"<div class=\"mh-excerpt\"><p>Los obispos de la regi\u00f3n NEA, presidir\u00e1n este lunes 28, a las 19 hs., la Eucar\u00edstica en acci\u00f3n de gracias por el cierre del ciclo <a class=\"mh-excerpt-more\" href=\"https:\/\/www.obispadorqta.org.ar\/v3\/cierre-ano-lectivo-del-seminario-interdiocesano-la-encarnacion-2\/\" title=\"Cierre a\u00f1o lectivo del Seminario Interdiocesano \u00abLa Encarnaci\u00f3n\u00bb\">[&#8230;]<\/a><\/p>\n<\/div>","protected":false},"author":2,"featured_media":8317,"comment_status":"closed","ping_status":"open","sticky":false,"template":"","format":"standard","meta":{"footnotes":""},"categories":[6,28],"tags":[],"class_list":["post-8315","post","type-post","status-publish","format-standard","has-post-thumbnail","hentry","category-news","category-latest-news"],"_links":{"self":[{"href":"https:\/\/www.obispadorqta.org.ar\/v3\/wp-json\/wp\/v2\/posts\/8315","targetHints":{"allow":["GET"]}}],"collection":[{"href":"https:\/\/www.obispadorqta.org.ar\/v3\/wp-json\/wp\/v2\/posts"}],"about":[{"href":"https:\/\/www.obispadorqta.org.ar\/v3\/wp-json\/wp\/v2\/types\/post"}],"author":[{"embeddable":true,"href":"https:\/\/www.obispadorqta.org.ar\/v3\/wp-json\/wp\/v2\/users\/2"}],"replies":[{"embeddable":true,"href":"https:\/\/www.obispadorqta.org.ar\/v3\/wp-json\/wp\/v2\/comments?post=8315"}],"version-history":[{"count":2,"href":"https:\/\/www.obispadorqta.org.ar\/v3\/wp-json\/wp\/v2\/posts\/8315\/revisions"}],"predecessor-version":[{"id":8318,"href":"https:\/\/www.obispadorqta.org.ar\/v3\/wp-json\/wp\/v2\/posts\/8315\/revisions\/8318"}],"wp:featuredmedia":[{"embeddable":true,"href":"https:\/\/www.obispadorqta.org.ar\/v3\/wp-json\/wp\/v2\/media\/8317"}],"wp:attachment":[{"href":"https:\/\/www.obispadorqta.org.ar\/v3\/wp-json\/wp\/v2\/media?parent=8315"}],"wp:term":[{"taxonomy":"category","embeddable":true,"href":"https:\/\/www.obispadorqta.org.ar\/v3\/wp-json\/wp\/v2\/categories?post=8315"},{"taxonomy":"post_tag","embeddable":true,"href":"https:\/\/www.obispadorqta.org.ar\/v3\/wp-json\/wp\/v2\/tags?post=8315"}],"curies":[{"name":"wp","href":"https:\/\/api.w.org\/{rel}","templated":true}]}}