{"id":8330,"date":"2022-11-30T09:37:04","date_gmt":"2022-11-30T12:37:04","guid":{"rendered":"http:\/\/www.obispadorqta.org.ar\/v3\/?p=8330"},"modified":"2022-11-30T09:37:42","modified_gmt":"2022-11-30T12:37:42","slug":"agradecimiento","status":"publish","type":"post","link":"https:\/\/www.obispadorqta.org.ar\/v3\/agradecimiento\/","title":{"rendered":"Agradecimiento"},"content":{"rendered":"<h6 class=\"kc-elm kc-css-41986\" style=\"text-align: justify;\"><span style=\"font-size: inherit;\"><br \/>\n<em>La formaci\u00f3n de los futuros pastores de la Iglesia se realiza gracias al aporte econ\u00f3mico y la oraci\u00f3n de mucha gente. Por eso, la comunidad del Seminario te agradece por la generosa labor de colaborar con esta instituci\u00f3n.<\/em><\/span><\/h6>\n<p style=\"text-align: justify;\">Querida di\u00f3cesis de Reconquista:<\/p>\n<p style=\"text-align: justify;\">Desde el Seminario \u201cLa Encarnaci\u00f3n\u201d, como seminaristas de nuestra Iglesia particular queremos agradecerles por la generosidad que hemos recibido en este tiempo, expresada en sus aportes tanto econ\u00f3micos como espirituales para el sostenimiento de nuestra formaci\u00f3n.<\/p>\n<p style=\"text-align: justify;\">Asimismo, nos sentimos cuidados y sostenidos por tanto cari\u00f1o y afecto que constantemente experimentamos de parte de ustedes Los ponemos bajo la protecci\u00f3n y cuidado de nuestra Madre de Itat\u00ed, junto con nuestros santos patronos San Jos\u00e9 y San Juan Evangelista.<\/p>\n<p style=\"text-align: justify;\">Nos seguimos encomendando a sus oraciones.<\/p>\n<p style=\"text-align: right;\">Un gran abrazo,<br \/>\nLos seminaristas<\/p>\n","protected":false},"excerpt":{"rendered":"<div class=\"mh-excerpt\"><p>La formaci\u00f3n de los futuros pastores de la Iglesia se realiza gracias al aporte econ\u00f3mico y la oraci\u00f3n de mucha gente. Por eso, la comunidad <a class=\"mh-excerpt-more\" href=\"https:\/\/www.obispadorqta.org.ar\/v3\/agradecimiento\/\" title=\"Agradecimiento\">[&#8230;]<\/a><\/p>\n<\/div>","protected":false},"author":3,"featured_media":8333,"comment_status":"closed","ping_status":"open","sticky":false,"template":"","format":"standard","meta":{"footnotes":""},"categories":[6,28],"tags":[],"class_list":["post-8330","post","type-post","status-publish","format-standard","has-post-thumbnail","hentry","category-news","category-latest-news"],"_links":{"self":[{"href":"https:\/\/www.obispadorqta.org.ar\/v3\/wp-json\/wp\/v2\/posts\/8330","targetHints":{"allow":["GET"]}}],"collection":[{"href":"https:\/\/www.obispadorqta.org.ar\/v3\/wp-json\/wp\/v2\/posts"}],"about":[{"href":"https:\/\/www.obispadorqta.org.ar\/v3\/wp-json\/wp\/v2\/types\/post"}],"author":[{"embeddable":true,"href":"https:\/\/www.obispadorqta.org.ar\/v3\/wp-json\/wp\/v2\/users\/3"}],"replies":[{"embeddable":true,"href":"https:\/\/www.obispadorqta.org.ar\/v3\/wp-json\/wp\/v2\/comments?post=8330"}],"version-history":[{"count":2,"href":"https:\/\/www.obispadorqta.org.ar\/v3\/wp-json\/wp\/v2\/posts\/8330\/revisions"}],"predecessor-version":[{"id":8334,"href":"https:\/\/www.obispadorqta.org.ar\/v3\/wp-json\/wp\/v2\/posts\/8330\/revisions\/8334"}],"wp:featuredmedia":[{"embeddable":true,"href":"https:\/\/www.obispadorqta.org.ar\/v3\/wp-json\/wp\/v2\/media\/8333"}],"wp:attachment":[{"href":"https:\/\/www.obispadorqta.org.ar\/v3\/wp-json\/wp\/v2\/media?parent=8330"}],"wp:term":[{"taxonomy":"category","embeddable":true,"href":"https:\/\/www.obispadorqta.org.ar\/v3\/wp-json\/wp\/v2\/categories?post=8330"},{"taxonomy":"post_tag","embeddable":true,"href":"https:\/\/www.obispadorqta.org.ar\/v3\/wp-json\/wp\/v2\/tags?post=8330"}],"curies":[{"name":"wp","href":"https:\/\/api.w.org\/{rel}","templated":true}]}}