{"id":8335,"date":"2022-12-01T09:37:38","date_gmt":"2022-12-01T12:37:38","guid":{"rendered":"http:\/\/www.obispadorqta.org.ar\/v3\/?p=8335"},"modified":"2022-12-01T09:38:58","modified_gmt":"2022-12-01T12:38:58","slug":"ultreya-diocesana-reconquista","status":"publish","type":"post","link":"https:\/\/www.obispadorqta.org.ar\/v3\/ultreya-diocesana-reconquista\/","title":{"rendered":"Ultreya Diocesana Reconquista"},"content":{"rendered":"<p style=\"text-align: justify;\"><span style=\"color: #000000;\">El domingo 04 de diciembre, a partir de las 09 hs., en el sal\u00f3n de la Capilla Cristo Redentor de la localidad de La Potasa (10 km. al oeste por ruta 40S), Parroquia Mar\u00eda Madre de Dios, se realizar\u00e1 la Ultreya del Movimiento de Cursillo de Cristiandad.<\/span><\/p>\n<p style=\"text-align: justify;\"><span style=\"color: #000000;\">En un clima de fraternidad y entusiasmo, compartir\u00e1n el testimonio de toda la experiencia vivida del amor a Dios, del amor al pr\u00f3jimo y del amor al mundo.<\/span><\/p>\n<div style=\"width: 720px;\" class=\"wp-video\"><video class=\"wp-video-shortcode\" id=\"video-8335-1\" width=\"720\" height=\"1280\" preload=\"metadata\" controls=\"controls\"><source type=\"video\/mp4\" src=\"https:\/\/www.obispadorqta.org.ar\/v3\/wp-content\/uploads\/2022\/11\/VID-20221130-WA0000-2.mp4?_=1\" \/><a href=\"https:\/\/www.obispadorqta.org.ar\/v3\/wp-content\/uploads\/2022\/11\/VID-20221130-WA0000-2.mp4\">https:\/\/www.obispadorqta.org.ar\/v3\/wp-content\/uploads\/2022\/11\/VID-20221130-WA0000-2.mp4<\/a><\/video><\/div>\n<p style=\"text-align: justify;\"><span style=\"color: #000000;\">Encomendamos nuestras oraciones por los frutos de este encuentro y el trabajo del Movimiento de Cursillos de Cristiandad.<\/span><\/p>\n","protected":false},"excerpt":{"rendered":"<div class=\"mh-excerpt\"><p>El domingo 04 de diciembre, a partir de las 09 hs., en el sal\u00f3n de la Capilla Cristo Redentor de la localidad de La Potasa <a class=\"mh-excerpt-more\" href=\"https:\/\/www.obispadorqta.org.ar\/v3\/ultreya-diocesana-reconquista\/\" title=\"Ultreya Diocesana Reconquista\">[&#8230;]<\/a><\/p>\n<\/div>","protected":false},"author":3,"featured_media":8341,"comment_status":"closed","ping_status":"open","sticky":false,"template":"","format":"standard","meta":{"footnotes":""},"categories":[6,28],"tags":[],"class_list":["post-8335","post","type-post","status-publish","format-standard","has-post-thumbnail","hentry","category-news","category-latest-news"],"_links":{"self":[{"href":"https:\/\/www.obispadorqta.org.ar\/v3\/wp-json\/wp\/v2\/posts\/8335","targetHints":{"allow":["GET"]}}],"collection":[{"href":"https:\/\/www.obispadorqta.org.ar\/v3\/wp-json\/wp\/v2\/posts"}],"about":[{"href":"https:\/\/www.obispadorqta.org.ar\/v3\/wp-json\/wp\/v2\/types\/post"}],"author":[{"embeddable":true,"href":"https:\/\/www.obispadorqta.org.ar\/v3\/wp-json\/wp\/v2\/users\/3"}],"replies":[{"embeddable":true,"href":"https:\/\/www.obispadorqta.org.ar\/v3\/wp-json\/wp\/v2\/comments?post=8335"}],"version-history":[{"count":1,"href":"https:\/\/www.obispadorqta.org.ar\/v3\/wp-json\/wp\/v2\/posts\/8335\/revisions"}],"predecessor-version":[{"id":8338,"href":"https:\/\/www.obispadorqta.org.ar\/v3\/wp-json\/wp\/v2\/posts\/8335\/revisions\/8338"}],"wp:featuredmedia":[{"embeddable":true,"href":"https:\/\/www.obispadorqta.org.ar\/v3\/wp-json\/wp\/v2\/media\/8341"}],"wp:attachment":[{"href":"https:\/\/www.obispadorqta.org.ar\/v3\/wp-json\/wp\/v2\/media?parent=8335"}],"wp:term":[{"taxonomy":"category","embeddable":true,"href":"https:\/\/www.obispadorqta.org.ar\/v3\/wp-json\/wp\/v2\/categories?post=8335"},{"taxonomy":"post_tag","embeddable":true,"href":"https:\/\/www.obispadorqta.org.ar\/v3\/wp-json\/wp\/v2\/tags?post=8335"}],"curies":[{"name":"wp","href":"https:\/\/api.w.org\/{rel}","templated":true}]}}