{"id":8343,"date":"2022-12-01T11:29:23","date_gmt":"2022-12-01T14:29:23","guid":{"rendered":"http:\/\/www.obispadorqta.org.ar\/v3\/?p=8343"},"modified":"2022-12-02T08:10:26","modified_gmt":"2022-12-02T11:10:26","slug":"ordenacion-sacerdotal-y-diaconal","status":"publish","type":"post","link":"https:\/\/www.obispadorqta.org.ar\/v3\/ordenacion-sacerdotal-y-diaconal\/","title":{"rendered":"Ordenaci\u00f3n Sacerdotal y Diaconal"},"content":{"rendered":"<p style=\"text-align: justify;\">La Di\u00f3cesis de Reconquista, con gran alegr\u00eda, invita a la <strong>Ordenaci\u00f3n Sacerdotal del di\u00e1cono Nicol\u00e1s Mart\u00edn Lastra y a la Ordenaci\u00f3n Diaconal del Sr. V\u00edctor Hugo Gonz\u00e1lez.<\/strong><\/p>\n<p style=\"text-align: justify;\">La Celebraci\u00f3n Eucar\u00edstica, donde por la imposici\u00f3n de manos y la oraci\u00f3n consecratoria de nuestro Obispo Diocesano, Mons. \u00c1ngel Jos\u00e9 Mac\u00edn, ambos ser\u00e1n consagrados, se realizara el <em><strong>domingo 11 de diciembre a las 19 hs. en la Iglesia Catedral \u201cInmaculada Concepci\u00f3n\u201d de Reconquista.<\/strong><\/em><\/p>\n<p style=\"text-align: justify;\"><em><strong><img loading=\"lazy\" decoding=\"async\" class=\"aligncenter size-full wp-image-8348\" src=\"https:\/\/www.obispadorqta.org.ar\/v3\/wp-content\/uploads\/2022\/12\/IMG-20221124-WA0001.jpg\" alt=\"\" width=\"1280\" height=\"584\" srcset=\"https:\/\/www.obispadorqta.org.ar\/v3\/wp-content\/uploads\/2022\/12\/IMG-20221124-WA0001.jpg 1280w, https:\/\/www.obispadorqta.org.ar\/v3\/wp-content\/uploads\/2022\/12\/IMG-20221124-WA0001-300x137.jpg 300w, https:\/\/www.obispadorqta.org.ar\/v3\/wp-content\/uploads\/2022\/12\/IMG-20221124-WA0001-1024x467.jpg 1024w, https:\/\/www.obispadorqta.org.ar\/v3\/wp-content\/uploads\/2022\/12\/IMG-20221124-WA0001-768x350.jpg 768w\" sizes=\"auto, (max-width: 1280px) 100vw, 1280px\" \/><\/strong><\/em><\/p>\n<p style=\"text-align: justify;\">Invitamos a toda la comunidad a participar de este acontecimiento que nos llena de gozo como Iglesia Diocesana, y por sobre todo de agradecimiento por esta gracia para nuestra Di\u00f3cesis de Reconquista.<\/p>\n","protected":false},"excerpt":{"rendered":"<div class=\"mh-excerpt\"><p>La Di\u00f3cesis de Reconquista, con gran alegr\u00eda, invita a la Ordenaci\u00f3n Sacerdotal del di\u00e1cono Nicol\u00e1s Mart\u00edn Lastra y a la Ordenaci\u00f3n Diaconal del Sr. V\u00edctor <a class=\"mh-excerpt-more\" href=\"https:\/\/www.obispadorqta.org.ar\/v3\/ordenacion-sacerdotal-y-diaconal\/\" title=\"Ordenaci\u00f3n Sacerdotal y Diaconal\">[&#8230;]<\/a><\/p>\n<\/div>","protected":false},"author":3,"featured_media":8352,"comment_status":"closed","ping_status":"open","sticky":false,"template":"","format":"standard","meta":{"footnotes":""},"categories":[6,28],"tags":[],"class_list":["post-8343","post","type-post","status-publish","format-standard","has-post-thumbnail","hentry","category-news","category-latest-news"],"_links":{"self":[{"href":"https:\/\/www.obispadorqta.org.ar\/v3\/wp-json\/wp\/v2\/posts\/8343","targetHints":{"allow":["GET"]}}],"collection":[{"href":"https:\/\/www.obispadorqta.org.ar\/v3\/wp-json\/wp\/v2\/posts"}],"about":[{"href":"https:\/\/www.obispadorqta.org.ar\/v3\/wp-json\/wp\/v2\/types\/post"}],"author":[{"embeddable":true,"href":"https:\/\/www.obispadorqta.org.ar\/v3\/wp-json\/wp\/v2\/users\/3"}],"replies":[{"embeddable":true,"href":"https:\/\/www.obispadorqta.org.ar\/v3\/wp-json\/wp\/v2\/comments?post=8343"}],"version-history":[{"count":5,"href":"https:\/\/www.obispadorqta.org.ar\/v3\/wp-json\/wp\/v2\/posts\/8343\/revisions"}],"predecessor-version":[{"id":8356,"href":"https:\/\/www.obispadorqta.org.ar\/v3\/wp-json\/wp\/v2\/posts\/8343\/revisions\/8356"}],"wp:featuredmedia":[{"embeddable":true,"href":"https:\/\/www.obispadorqta.org.ar\/v3\/wp-json\/wp\/v2\/media\/8352"}],"wp:attachment":[{"href":"https:\/\/www.obispadorqta.org.ar\/v3\/wp-json\/wp\/v2\/media?parent=8343"}],"wp:term":[{"taxonomy":"category","embeddable":true,"href":"https:\/\/www.obispadorqta.org.ar\/v3\/wp-json\/wp\/v2\/categories?post=8343"},{"taxonomy":"post_tag","embeddable":true,"href":"https:\/\/www.obispadorqta.org.ar\/v3\/wp-json\/wp\/v2\/tags?post=8343"}],"curies":[{"name":"wp","href":"https:\/\/api.w.org\/{rel}","templated":true}]}}