{"id":8358,"date":"2022-12-06T07:44:42","date_gmt":"2022-12-06T10:44:42","guid":{"rendered":"http:\/\/www.obispadorqta.org.ar\/v3\/?p=8358"},"modified":"2022-12-06T07:44:51","modified_gmt":"2022-12-06T10:44:51","slug":"celebracion-inmaculada-concepcion","status":"publish","type":"post","link":"https:\/\/www.obispadorqta.org.ar\/v3\/celebracion-inmaculada-concepcion\/","title":{"rendered":"CELEBRACI\u00d3N \u00abINMACULADA CONCEPCI\u00d3N\u00bb"},"content":{"rendered":"<p style=\"text-align: justify;\">Como todos los a\u00f1os, se acerca la solemnidad de la Inmaculada Concepci\u00f3n de la Virgen, patrona de nuestra Iglesia Catedral y de Villa Ocampo.<\/p>\n<p style=\"text-align: justify;\">En muchos otros lugares se festeja con gran alegr\u00eda a Aquella que fue preservada de todo pecado, en vistas a la concepci\u00f3n virginal del Hijo de Dios, con chamameceadas, peregrinaciones, etc.<\/p>\n<p style=\"text-align: justify;\">Este a\u00f1o, nuestro obispo diocesano, Mons. \u00c1ngel Jos\u00e9 Mac\u00edn, presidir\u00e1 la Santa Misa del 8 de diciembre por la tarde en el camping \u00abPato Cu\u00e1\u00bb, Parroquia de Las Toscas, donde se realizan dos peregrinaciones, una acu\u00e1tica y otra terrestre.<\/p>\n<p style=\"text-align: justify;\">Con este gesto, Mons. \u00c1ngel Mac\u00edn quiere acompa\u00f1ar a una comunidad profundamente mariana, y reflexionar sobre el cuidado de la casa com\u00fan, especialmente del agua, vital para la vida en el planeta.<\/p>\n","protected":false},"excerpt":{"rendered":"<div class=\"mh-excerpt\"><p>Como todos los a\u00f1os, se acerca la solemnidad de la Inmaculada Concepci\u00f3n de la Virgen, patrona de nuestra Iglesia Catedral y de Villa Ocampo. En <a class=\"mh-excerpt-more\" href=\"https:\/\/www.obispadorqta.org.ar\/v3\/celebracion-inmaculada-concepcion\/\" title=\"CELEBRACI\u00d3N \u00abINMACULADA CONCEPCI\u00d3N\u00bb\">[&#8230;]<\/a><\/p>\n<\/div>","protected":false},"author":2,"featured_media":5947,"comment_status":"closed","ping_status":"open","sticky":false,"template":"","format":"standard","meta":{"footnotes":""},"categories":[6,28],"tags":[],"class_list":["post-8358","post","type-post","status-publish","format-standard","has-post-thumbnail","hentry","category-news","category-latest-news"],"_links":{"self":[{"href":"https:\/\/www.obispadorqta.org.ar\/v3\/wp-json\/wp\/v2\/posts\/8358","targetHints":{"allow":["GET"]}}],"collection":[{"href":"https:\/\/www.obispadorqta.org.ar\/v3\/wp-json\/wp\/v2\/posts"}],"about":[{"href":"https:\/\/www.obispadorqta.org.ar\/v3\/wp-json\/wp\/v2\/types\/post"}],"author":[{"embeddable":true,"href":"https:\/\/www.obispadorqta.org.ar\/v3\/wp-json\/wp\/v2\/users\/2"}],"replies":[{"embeddable":true,"href":"https:\/\/www.obispadorqta.org.ar\/v3\/wp-json\/wp\/v2\/comments?post=8358"}],"version-history":[{"count":1,"href":"https:\/\/www.obispadorqta.org.ar\/v3\/wp-json\/wp\/v2\/posts\/8358\/revisions"}],"predecessor-version":[{"id":8359,"href":"https:\/\/www.obispadorqta.org.ar\/v3\/wp-json\/wp\/v2\/posts\/8358\/revisions\/8359"}],"wp:featuredmedia":[{"embeddable":true,"href":"https:\/\/www.obispadorqta.org.ar\/v3\/wp-json\/wp\/v2\/media\/5947"}],"wp:attachment":[{"href":"https:\/\/www.obispadorqta.org.ar\/v3\/wp-json\/wp\/v2\/media?parent=8358"}],"wp:term":[{"taxonomy":"category","embeddable":true,"href":"https:\/\/www.obispadorqta.org.ar\/v3\/wp-json\/wp\/v2\/categories?post=8358"},{"taxonomy":"post_tag","embeddable":true,"href":"https:\/\/www.obispadorqta.org.ar\/v3\/wp-json\/wp\/v2\/tags?post=8358"}],"curies":[{"name":"wp","href":"https:\/\/api.w.org\/{rel}","templated":true}]}}