{"id":8379,"date":"2022-12-26T10:50:00","date_gmt":"2022-12-26T13:50:00","guid":{"rendered":"http:\/\/www.obispadorqta.org.ar\/v3\/?p=8379"},"modified":"2022-12-26T10:50:07","modified_gmt":"2022-12-26T13:50:07","slug":"admision-al-diaconado-permanente-2","status":"publish","type":"post","link":"https:\/\/www.obispadorqta.org.ar\/v3\/admision-al-diaconado-permanente-2\/","title":{"rendered":"Admisi\u00f3n al Diaconado Permanente"},"content":{"rendered":"<p style=\"text-align: justify;\">Con alegr\u00eda, desde el Obispado de Reconquista, informamos que el d\u00eda martes 27 de diciembre, a las 20 hs., en el Monasterio \u00abSan Jos\u00e9\u00bb de las Hermanas Carmelitas, ubicado en calle 38 N\u00ba 1938, barrio Lanceros del Sauce de la ciudad de Reconquista, se llevar\u00e1 a cabo la admisi\u00f3n al Diaconado Permanente del Sr. Carlos Ra\u00fal Cabas, presidida por el obispo diocesano, Mons. Dr. \u00c1ngel Jos\u00e9 Mac\u00edn.<img loading=\"lazy\" decoding=\"async\" class=\"size-full wp-image-8380 alignleft\" src=\"https:\/\/www.obispadorqta.org.ar\/v3\/wp-content\/uploads\/2022\/12\/1510526_10202043202554007_1506118813_n-1.jpg\" alt=\"\" width=\"155\" height=\"180\" \/><\/p>\n<p style=\"text-align: justify;\">Invitamos a todos a participar de este acontecimiento de gracia para nuestra Di\u00f3cesis de Reconquista y encomendamos nuestras oraciones por los frutos del diaconado permanente en nuestra Iglesia Particular.<\/p>\n","protected":false},"excerpt":{"rendered":"<div class=\"mh-excerpt\"><p>Con alegr\u00eda, desde el Obispado de Reconquista, informamos que el d\u00eda martes 27 de diciembre, a las 20 hs., en el Monasterio \u00abSan Jos\u00e9\u00bb de <a class=\"mh-excerpt-more\" href=\"https:\/\/www.obispadorqta.org.ar\/v3\/admision-al-diaconado-permanente-2\/\" title=\"Admisi\u00f3n al Diaconado Permanente\">[&#8230;]<\/a><\/p>\n<\/div>","protected":false},"author":2,"featured_media":6995,"comment_status":"closed","ping_status":"open","sticky":false,"template":"","format":"standard","meta":{"footnotes":""},"categories":[6,28],"tags":[],"class_list":["post-8379","post","type-post","status-publish","format-standard","has-post-thumbnail","hentry","category-news","category-latest-news"],"_links":{"self":[{"href":"https:\/\/www.obispadorqta.org.ar\/v3\/wp-json\/wp\/v2\/posts\/8379","targetHints":{"allow":["GET"]}}],"collection":[{"href":"https:\/\/www.obispadorqta.org.ar\/v3\/wp-json\/wp\/v2\/posts"}],"about":[{"href":"https:\/\/www.obispadorqta.org.ar\/v3\/wp-json\/wp\/v2\/types\/post"}],"author":[{"embeddable":true,"href":"https:\/\/www.obispadorqta.org.ar\/v3\/wp-json\/wp\/v2\/users\/2"}],"replies":[{"embeddable":true,"href":"https:\/\/www.obispadorqta.org.ar\/v3\/wp-json\/wp\/v2\/comments?post=8379"}],"version-history":[{"count":1,"href":"https:\/\/www.obispadorqta.org.ar\/v3\/wp-json\/wp\/v2\/posts\/8379\/revisions"}],"predecessor-version":[{"id":8381,"href":"https:\/\/www.obispadorqta.org.ar\/v3\/wp-json\/wp\/v2\/posts\/8379\/revisions\/8381"}],"wp:featuredmedia":[{"embeddable":true,"href":"https:\/\/www.obispadorqta.org.ar\/v3\/wp-json\/wp\/v2\/media\/6995"}],"wp:attachment":[{"href":"https:\/\/www.obispadorqta.org.ar\/v3\/wp-json\/wp\/v2\/media?parent=8379"}],"wp:term":[{"taxonomy":"category","embeddable":true,"href":"https:\/\/www.obispadorqta.org.ar\/v3\/wp-json\/wp\/v2\/categories?post=8379"},{"taxonomy":"post_tag","embeddable":true,"href":"https:\/\/www.obispadorqta.org.ar\/v3\/wp-json\/wp\/v2\/tags?post=8379"}],"curies":[{"name":"wp","href":"https:\/\/api.w.org\/{rel}","templated":true}]}}