{"id":8382,"date":"2022-12-26T11:14:24","date_gmt":"2022-12-26T14:14:24","guid":{"rendered":"http:\/\/www.obispadorqta.org.ar\/v3\/?p=8382"},"modified":"2022-12-28T11:23:45","modified_gmt":"2022-12-28T14:23:45","slug":"iniciativas-en-torno-a-la-jornada-de-ayuno-y-oracion","status":"publish","type":"post","link":"https:\/\/www.obispadorqta.org.ar\/v3\/iniciativas-en-torno-a-la-jornada-de-ayuno-y-oracion\/","title":{"rendered":"Iniciativas en torno a la Jornada de Ayuno y Oraci\u00f3n"},"content":{"rendered":"<p>El mi\u00e9rcoles 28 de diciembre, conmemoraci\u00f3n de los Santos Inocentes, el Obispo Diocesano convoc\u00f3 a una jornada de oraci\u00f3n y ayuno \u00ab<em><strong>porque los ni\u00f1os tengan el lugar que les corresponde en nuestra Iglesia y nuestra sociedad, y que podamos cultivar una clara cultura del cuidado y la protecci\u00f3n de los menores y personas vulnerables\u00bb.<\/strong><\/em> (Mensaje para la Navidad, 16 de diciembre de 2022). Raz\u00f3n por la cu\u00e1l en toda la di\u00f3cesis de Reconquista se llevar\u00e1n a cabo distintas actividades en relaci\u00f3n a esta jornada.<\/p>\n<p>En el Santuario Mariano Diocesano \u00abInmaculada Concepci\u00f3n\u00bb:<\/p>\n<p><img loading=\"lazy\" decoding=\"async\" class=\"aligncenter size-full wp-image-8385\" src=\"https:\/\/www.obispadorqta.org.ar\/v3\/wp-content\/uploads\/2022\/12\/1672054252320.jpg\" alt=\"\" width=\"1080\" height=\"1528\" srcset=\"https:\/\/www.obispadorqta.org.ar\/v3\/wp-content\/uploads\/2022\/12\/1672054252320.jpg 1080w, https:\/\/www.obispadorqta.org.ar\/v3\/wp-content\/uploads\/2022\/12\/1672054252320-212x300.jpg 212w, https:\/\/www.obispadorqta.org.ar\/v3\/wp-content\/uploads\/2022\/12\/1672054252320-724x1024.jpg 724w, https:\/\/www.obispadorqta.org.ar\/v3\/wp-content\/uploads\/2022\/12\/1672054252320-768x1087.jpg 768w\" sizes=\"auto, (max-width: 1080px) 100vw, 1080px\" \/><\/p>\n<p>En los Piletones (Parroquia \u00abMar\u00eda Madre de Dios\u00bb):<\/p>\n<p><img loading=\"lazy\" decoding=\"async\" class=\"aligncenter size-full wp-image-8386\" src=\"https:\/\/www.obispadorqta.org.ar\/v3\/wp-content\/uploads\/2022\/12\/IMG-20221226-WA0000.jpg\" alt=\"\" width=\"1131\" height=\"1600\" srcset=\"https:\/\/www.obispadorqta.org.ar\/v3\/wp-content\/uploads\/2022\/12\/IMG-20221226-WA0000.jpg 1131w, https:\/\/www.obispadorqta.org.ar\/v3\/wp-content\/uploads\/2022\/12\/IMG-20221226-WA0000-212x300.jpg 212w, https:\/\/www.obispadorqta.org.ar\/v3\/wp-content\/uploads\/2022\/12\/IMG-20221226-WA0000-724x1024.jpg 724w, https:\/\/www.obispadorqta.org.ar\/v3\/wp-content\/uploads\/2022\/12\/IMG-20221226-WA0000-768x1086.jpg 768w, https:\/\/www.obispadorqta.org.ar\/v3\/wp-content\/uploads\/2022\/12\/IMG-20221226-WA0000-1086x1536.jpg 1086w\" sizes=\"auto, (max-width: 1131px) 100vw, 1131px\" \/><\/p>\n<p style=\"text-align: justify;\">La ciudad de Reconquista, Santa Fe adhiere a la Jornada Mundial ALUMBRA LA VIDA \u00abPRENDE UNA VELA POR LOS INOCENTES ABORTADOS\u00bb, que tendr\u00e1 lugar el pr\u00f3ximo mi\u00e9rcoles 28 de Diciembre de 2022.<\/p>\n<p style=\"text-align: justify;\">Lugar: Piletones, atr\u00e1s del FRIAR<\/p>\n<p style=\"text-align: justify;\">Horario: 18:30 horas<\/p>\n<p style=\"text-align: justify;\">Trae tu vela<\/p>\n<p style=\"text-align: justify;\">Convocamos a toda la comunidad a tomarse un tiempo para reflexionar y hacer visible la tragedia del Aborto, que a dos a\u00f1os de la sanci\u00f3n de la ley que lo legaliza, se ha llevado la vida de miles de ni\u00f1os.<\/p>\n<p><img loading=\"lazy\" decoding=\"async\" class=\"aligncenter size-full wp-image-8389\" src=\"https:\/\/www.obispadorqta.org.ar\/v3\/wp-content\/uploads\/2022\/12\/IMG-20221228-WA0001.jpg\" alt=\"\" width=\"899\" height=\"1599\" srcset=\"https:\/\/www.obispadorqta.org.ar\/v3\/wp-content\/uploads\/2022\/12\/IMG-20221228-WA0001.jpg 899w, https:\/\/www.obispadorqta.org.ar\/v3\/wp-content\/uploads\/2022\/12\/IMG-20221228-WA0001-169x300.jpg 169w, https:\/\/www.obispadorqta.org.ar\/v3\/wp-content\/uploads\/2022\/12\/IMG-20221228-WA0001-576x1024.jpg 576w, https:\/\/www.obispadorqta.org.ar\/v3\/wp-content\/uploads\/2022\/12\/IMG-20221228-WA0001-768x1366.jpg 768w, https:\/\/www.obispadorqta.org.ar\/v3\/wp-content\/uploads\/2022\/12\/IMG-20221228-WA0001-864x1536.jpg 864w\" sizes=\"auto, (max-width: 899px) 100vw, 899px\" \/><\/p>\n<p>Asimismo en las comunidades de Tartagal, Garabato, Intiyaco y Vera se suman a esta jornada de ayuno y oraci\u00f3n.<\/p>\n<p><img loading=\"lazy\" decoding=\"async\" class=\"aligncenter size-full wp-image-8392\" src=\"https:\/\/www.obispadorqta.org.ar\/v3\/wp-content\/uploads\/2022\/12\/IMG-20221228-WA0004.jpg\" alt=\"\" width=\"1143\" height=\"1600\" srcset=\"https:\/\/www.obispadorqta.org.ar\/v3\/wp-content\/uploads\/2022\/12\/IMG-20221228-WA0004.jpg 1143w, https:\/\/www.obispadorqta.org.ar\/v3\/wp-content\/uploads\/2022\/12\/IMG-20221228-WA0004-214x300.jpg 214w, https:\/\/www.obispadorqta.org.ar\/v3\/wp-content\/uploads\/2022\/12\/IMG-20221228-WA0004-732x1024.jpg 732w, https:\/\/www.obispadorqta.org.ar\/v3\/wp-content\/uploads\/2022\/12\/IMG-20221228-WA0004-768x1075.jpg 768w, https:\/\/www.obispadorqta.org.ar\/v3\/wp-content\/uploads\/2022\/12\/IMG-20221228-WA0004-1097x1536.jpg 1097w\" sizes=\"auto, (max-width: 1143px) 100vw, 1143px\" \/><\/p>\n<p>\u00a0<\/p>\n\n\n<p><\/p>\n","protected":false},"excerpt":{"rendered":"<div class=\"mh-excerpt\"><p>El mi\u00e9rcoles 28 de diciembre, conmemoraci\u00f3n de los Santos Inocentes, el Obispo Diocesano convoc\u00f3 a una jornada de oraci\u00f3n y ayuno \u00abporque los ni\u00f1os tengan <a class=\"mh-excerpt-more\" href=\"https:\/\/www.obispadorqta.org.ar\/v3\/iniciativas-en-torno-a-la-jornada-de-ayuno-y-oracion\/\" title=\"Iniciativas en torno a la Jornada de Ayuno y Oraci\u00f3n\">[&#8230;]<\/a><\/p>\n<\/div>","protected":false},"author":2,"featured_media":8383,"comment_status":"closed","ping_status":"open","sticky":false,"template":"","format":"standard","meta":{"footnotes":""},"categories":[6,28],"tags":[],"class_list":["post-8382","post","type-post","status-publish","format-standard","has-post-thumbnail","hentry","category-news","category-latest-news"],"_links":{"self":[{"href":"https:\/\/www.obispadorqta.org.ar\/v3\/wp-json\/wp\/v2\/posts\/8382","targetHints":{"allow":["GET"]}}],"collection":[{"href":"https:\/\/www.obispadorqta.org.ar\/v3\/wp-json\/wp\/v2\/posts"}],"about":[{"href":"https:\/\/www.obispadorqta.org.ar\/v3\/wp-json\/wp\/v2\/types\/post"}],"author":[{"embeddable":true,"href":"https:\/\/www.obispadorqta.org.ar\/v3\/wp-json\/wp\/v2\/users\/2"}],"replies":[{"embeddable":true,"href":"https:\/\/www.obispadorqta.org.ar\/v3\/wp-json\/wp\/v2\/comments?post=8382"}],"version-history":[{"count":5,"href":"https:\/\/www.obispadorqta.org.ar\/v3\/wp-json\/wp\/v2\/posts\/8382\/revisions"}],"predecessor-version":[{"id":8393,"href":"https:\/\/www.obispadorqta.org.ar\/v3\/wp-json\/wp\/v2\/posts\/8382\/revisions\/8393"}],"wp:featuredmedia":[{"embeddable":true,"href":"https:\/\/www.obispadorqta.org.ar\/v3\/wp-json\/wp\/v2\/media\/8383"}],"wp:attachment":[{"href":"https:\/\/www.obispadorqta.org.ar\/v3\/wp-json\/wp\/v2\/media?parent=8382"}],"wp:term":[{"taxonomy":"category","embeddable":true,"href":"https:\/\/www.obispadorqta.org.ar\/v3\/wp-json\/wp\/v2\/categories?post=8382"},{"taxonomy":"post_tag","embeddable":true,"href":"https:\/\/www.obispadorqta.org.ar\/v3\/wp-json\/wp\/v2\/tags?post=8382"}],"curies":[{"name":"wp","href":"https:\/\/api.w.org\/{rel}","templated":true}]}}