{"id":8417,"date":"2022-12-31T10:42:05","date_gmt":"2022-12-31T13:42:05","guid":{"rendered":"http:\/\/www.obispadorqta.org.ar\/v3\/?p=8417"},"modified":"2022-12-31T10:42:40","modified_gmt":"2022-12-31T13:42:40","slug":"fallecimiento-benedicto-xvi","status":"publish","type":"post","link":"https:\/\/www.obispadorqta.org.ar\/v3\/fallecimiento-benedicto-xvi\/","title":{"rendered":"FALLECIMIENTO BENEDICTO XVI"},"content":{"rendered":"<p style=\"text-align: justify;\">Con pesar y gratitud, comunicamos el deceso del Papa Em\u00e9rito, Benedicto XVI, en las primeras horas de este d\u00eda, 31 de diciembre.<\/p>\n<p style=\"text-align: justify;\">Invitamos a agradecer al Se\u00f1or por su servicio y su legado, y por el testimonio de su profundo amor por la Iglesia.<\/p>\n<p style=\"text-align: justify;\">Al mediod\u00eda, sonar\u00e1n las campanas de nuestros templos en su memoria. Al comenzar la semana, y de acuerdo a los datos que lleguen del Vaticano en relaci\u00f3n a sus exequias, se anunciar\u00e1 d\u00eda y horario en que se celebrar\u00e1 la Eucarist\u00eda en nuestra Iglesia Catedral, presidida por nuestro obispo.<\/p>\n<p style=\"text-align: justify;\">Oramos por su eterno descanso.<\/p>\n","protected":false},"excerpt":{"rendered":"<div class=\"mh-excerpt\"><p>Con pesar y gratitud, comunicamos el deceso del Papa Em\u00e9rito, Benedicto XVI, en las primeras horas de este d\u00eda, 31 de diciembre. Invitamos a agradecer <a class=\"mh-excerpt-more\" href=\"https:\/\/www.obispadorqta.org.ar\/v3\/fallecimiento-benedicto-xvi\/\" title=\"FALLECIMIENTO BENEDICTO XVI\">[&#8230;]<\/a><\/p>\n<\/div>","protected":false},"author":3,"featured_media":8418,"comment_status":"closed","ping_status":"open","sticky":false,"template":"","format":"standard","meta":{"footnotes":""},"categories":[6,28],"tags":[],"class_list":["post-8417","post","type-post","status-publish","format-standard","has-post-thumbnail","hentry","category-news","category-latest-news"],"_links":{"self":[{"href":"https:\/\/www.obispadorqta.org.ar\/v3\/wp-json\/wp\/v2\/posts\/8417","targetHints":{"allow":["GET"]}}],"collection":[{"href":"https:\/\/www.obispadorqta.org.ar\/v3\/wp-json\/wp\/v2\/posts"}],"about":[{"href":"https:\/\/www.obispadorqta.org.ar\/v3\/wp-json\/wp\/v2\/types\/post"}],"author":[{"embeddable":true,"href":"https:\/\/www.obispadorqta.org.ar\/v3\/wp-json\/wp\/v2\/users\/3"}],"replies":[{"embeddable":true,"href":"https:\/\/www.obispadorqta.org.ar\/v3\/wp-json\/wp\/v2\/comments?post=8417"}],"version-history":[{"count":1,"href":"https:\/\/www.obispadorqta.org.ar\/v3\/wp-json\/wp\/v2\/posts\/8417\/revisions"}],"predecessor-version":[{"id":8419,"href":"https:\/\/www.obispadorqta.org.ar\/v3\/wp-json\/wp\/v2\/posts\/8417\/revisions\/8419"}],"wp:featuredmedia":[{"embeddable":true,"href":"https:\/\/www.obispadorqta.org.ar\/v3\/wp-json\/wp\/v2\/media\/8418"}],"wp:attachment":[{"href":"https:\/\/www.obispadorqta.org.ar\/v3\/wp-json\/wp\/v2\/media?parent=8417"}],"wp:term":[{"taxonomy":"category","embeddable":true,"href":"https:\/\/www.obispadorqta.org.ar\/v3\/wp-json\/wp\/v2\/categories?post=8417"},{"taxonomy":"post_tag","embeddable":true,"href":"https:\/\/www.obispadorqta.org.ar\/v3\/wp-json\/wp\/v2\/tags?post=8417"}],"curies":[{"name":"wp","href":"https:\/\/api.w.org\/{rel}","templated":true}]}}