{"id":8427,"date":"2021-12-28T10:26:00","date_gmt":"2021-12-28T13:26:00","guid":{"rendered":"http:\/\/www.obispadorqta.org.ar\/v3\/?p=8427"},"modified":"2023-01-05T10:55:55","modified_gmt":"2023-01-05T13:55:55","slug":"ceferino-jorge-benitez","status":"publish","type":"post","link":"https:\/\/www.obispadorqta.org.ar\/v3\/ceferino-jorge-benitez\/","title":{"rendered":"Ceferino Jorge Ben\u00edtez"},"content":{"rendered":"<p style=\"line-height: 200%;\"><strong><u>Datos personales:<\/u><\/strong><br \/>\nNaci\u00f3 el 26 de abril de 1965, en Reconquista, Provincia de Santa Fe.<\/p>\n<p style=\"line-height: 200%;\"><strong><u>Estudios realizados y formaci\u00f3n recibida:<\/u><\/strong><br \/>\nRecibi\u00f3 el Sacramento del Orden Sagrado del Diaconado Permanente el 15 de agosto de 2021.<\/p>\n<p><strong><u>Oficio Pastoral Actual:<\/u><\/strong><\/p>\n<p>\u2022 Di\u00e1cono Permanente adscripto a la parroquia \u201cInmaculada Concepci\u00f3n\u201d de Reconquista.<\/p>\n<p><strong><u>Asesor\u00edas:<\/u><\/strong><\/p>\n<p>\u2022 Director Instituto de Teolog\u00eda \u00abJuan Pablo II\u00bb<\/p>\n<p><strong><u>Domicilio:<\/u><\/strong> San Mart\u00edn N\u00ba 663, Reconquista<\/p>\n<p><strong><u>Tel\u00e9fono:<\/u><\/strong>\u00a0 (03482)\u00a0 429204<\/p>\n","protected":false},"excerpt":{"rendered":"<div class=\"mh-excerpt\"><p>Datos personales: Naci\u00f3 el 26 de abril de 1965, en Reconquista, Provincia de Santa Fe. Estudios realizados y formaci\u00f3n recibida: Recibi\u00f3 el Sacramento del Orden <a class=\"mh-excerpt-more\" href=\"https:\/\/www.obispadorqta.org.ar\/v3\/ceferino-jorge-benitez\/\" title=\"Ceferino Jorge Ben\u00edtez\">[&#8230;]<\/a><\/p>\n<\/div>","protected":false},"author":2,"featured_media":8433,"comment_status":"closed","ping_status":"open","sticky":false,"template":"","format":"standard","meta":{"footnotes":""},"categories":[83],"tags":[],"class_list":["post-8427","post","type-post","status-publish","format-standard","has-post-thumbnail","hentry","category-diaconospermanentes"],"_links":{"self":[{"href":"https:\/\/www.obispadorqta.org.ar\/v3\/wp-json\/wp\/v2\/posts\/8427","targetHints":{"allow":["GET"]}}],"collection":[{"href":"https:\/\/www.obispadorqta.org.ar\/v3\/wp-json\/wp\/v2\/posts"}],"about":[{"href":"https:\/\/www.obispadorqta.org.ar\/v3\/wp-json\/wp\/v2\/types\/post"}],"author":[{"embeddable":true,"href":"https:\/\/www.obispadorqta.org.ar\/v3\/wp-json\/wp\/v2\/users\/2"}],"replies":[{"embeddable":true,"href":"https:\/\/www.obispadorqta.org.ar\/v3\/wp-json\/wp\/v2\/comments?post=8427"}],"version-history":[{"count":3,"href":"https:\/\/www.obispadorqta.org.ar\/v3\/wp-json\/wp\/v2\/posts\/8427\/revisions"}],"predecessor-version":[{"id":8440,"href":"https:\/\/www.obispadorqta.org.ar\/v3\/wp-json\/wp\/v2\/posts\/8427\/revisions\/8440"}],"wp:featuredmedia":[{"embeddable":true,"href":"https:\/\/www.obispadorqta.org.ar\/v3\/wp-json\/wp\/v2\/media\/8433"}],"wp:attachment":[{"href":"https:\/\/www.obispadorqta.org.ar\/v3\/wp-json\/wp\/v2\/media?parent=8427"}],"wp:term":[{"taxonomy":"category","embeddable":true,"href":"https:\/\/www.obispadorqta.org.ar\/v3\/wp-json\/wp\/v2\/categories?post=8427"},{"taxonomy":"post_tag","embeddable":true,"href":"https:\/\/www.obispadorqta.org.ar\/v3\/wp-json\/wp\/v2\/tags?post=8427"}],"curies":[{"name":"wp","href":"https:\/\/api.w.org\/{rel}","templated":true}]}}