{"id":8437,"date":"2021-12-21T10:54:02","date_gmt":"2021-12-21T13:54:02","guid":{"rendered":"http:\/\/www.obispadorqta.org.ar\/v3\/?p=8437"},"modified":"2023-11-07T08:14:22","modified_gmt":"2023-11-07T11:14:22","slug":"jorge-osvaldo-rosatti","status":"publish","type":"post","link":"https:\/\/www.obispadorqta.org.ar\/v3\/jorge-osvaldo-rosatti\/","title":{"rendered":"Jorge Osvaldo Rosatti"},"content":{"rendered":"<p style=\"line-height: 200%;\"><strong><u>Datos personales:<\/u><\/strong><br \/>\nNaci\u00f3 el 04 de julio de 1972, en Malabrigo, Provincia de Santa Fe.<\/p>\n<p style=\"line-height: 200%;\"><strong><u>Estudios realizados y formaci\u00f3n recibida:<\/u><\/strong><br \/>\nRecibi\u00f3 el Sacramento del Orden Sagrado del Diaconado Permanente el 10 de octubre de 2021.<\/p>\n<p><strong><u>Oficio Pastoral Actual:<\/u><\/strong><\/p>\n<p>\u2022 Di\u00e1cono Permanente adscripto a la parroquia \u201cPquia. Sagrado Coraz\u00f3n de Jes\u00fas\u201d de La Gallareta y \u201cAnimador Pastoral\u201d de esa comunidad<\/p>\n<p><strong><u>Asesor\u00edas:<\/u><\/strong><\/p>\n<p>\u2022<\/p>\n<p><strong><u>Domicilio:<\/u><\/strong> Belgrano 1447, Malabrigo.<\/p>\n<p><strong><u>Tel\u00e9fono:<\/u><\/strong>\u00a0 (03482) 454004<\/p>\n","protected":false},"excerpt":{"rendered":"<div class=\"mh-excerpt\"><p>Datos personales: Naci\u00f3 el 04 de julio de 1972, en Malabrigo, Provincia de Santa Fe. Estudios realizados y formaci\u00f3n recibida: Recibi\u00f3 el Sacramento del Orden <a class=\"mh-excerpt-more\" href=\"https:\/\/www.obispadorqta.org.ar\/v3\/jorge-osvaldo-rosatti\/\" title=\"Jorge Osvaldo Rosatti\">[&#8230;]<\/a><\/p>\n<\/div>","protected":false},"author":2,"featured_media":8438,"comment_status":"closed","ping_status":"open","sticky":false,"template":"","format":"standard","meta":{"footnotes":""},"categories":[83],"tags":[],"class_list":["post-8437","post","type-post","status-publish","format-standard","has-post-thumbnail","hentry","category-diaconospermanentes"],"_links":{"self":[{"href":"https:\/\/www.obispadorqta.org.ar\/v3\/wp-json\/wp\/v2\/posts\/8437","targetHints":{"allow":["GET"]}}],"collection":[{"href":"https:\/\/www.obispadorqta.org.ar\/v3\/wp-json\/wp\/v2\/posts"}],"about":[{"href":"https:\/\/www.obispadorqta.org.ar\/v3\/wp-json\/wp\/v2\/types\/post"}],"author":[{"embeddable":true,"href":"https:\/\/www.obispadorqta.org.ar\/v3\/wp-json\/wp\/v2\/users\/2"}],"replies":[{"embeddable":true,"href":"https:\/\/www.obispadorqta.org.ar\/v3\/wp-json\/wp\/v2\/comments?post=8437"}],"version-history":[{"count":3,"href":"https:\/\/www.obispadorqta.org.ar\/v3\/wp-json\/wp\/v2\/posts\/8437\/revisions"}],"predecessor-version":[{"id":9294,"href":"https:\/\/www.obispadorqta.org.ar\/v3\/wp-json\/wp\/v2\/posts\/8437\/revisions\/9294"}],"wp:featuredmedia":[{"embeddable":true,"href":"https:\/\/www.obispadorqta.org.ar\/v3\/wp-json\/wp\/v2\/media\/8438"}],"wp:attachment":[{"href":"https:\/\/www.obispadorqta.org.ar\/v3\/wp-json\/wp\/v2\/media?parent=8437"}],"wp:term":[{"taxonomy":"category","embeddable":true,"href":"https:\/\/www.obispadorqta.org.ar\/v3\/wp-json\/wp\/v2\/categories?post=8437"},{"taxonomy":"post_tag","embeddable":true,"href":"https:\/\/www.obispadorqta.org.ar\/v3\/wp-json\/wp\/v2\/tags?post=8437"}],"curies":[{"name":"wp","href":"https:\/\/api.w.org\/{rel}","templated":true}]}}