{"id":860,"date":"2013-12-19T14:55:39","date_gmt":"2013-12-19T14:55:39","guid":{"rendered":"http:\/\/www.obispadorqta.org.ar\/v3\/andresvicenteordenes\/"},"modified":"2013-12-19T14:55:39","modified_gmt":"2013-12-19T14:55:39","slug":"andresvicenteordenes","status":"publish","type":"post","link":"https:\/\/www.obispadorqta.org.ar\/v3\/andresvicenteordenes\/","title":{"rendered":"Admisi\u00f3n a las Sagradas Ordenes"},"content":{"rendered":"<div>\n<div style=\"text-align: center\"><img loading=\"lazy\" decoding=\"async\" src=\"https:\/\/fbcdn-sphotos-b-a.akamaihd.net\/hphotos-ak-frc3\/313177_2019947138057_764950719_n.jpg\" border=\"0\" width=\"250\" height=\"333\" \/><\/div>\n<div>\u00a0<\/div>\n<div>\u00a0<span style=\"line-height: 1.3em\">El obispado de Reconquista informa a todo el Pueblo de Dios que el seminarista Andr\u00e9s Vicente recibir\u00e1, por medio del Obispo Diocesano, Mons. \u00c1ngel Jos\u00e9 Mac\u00edn, la ADMISI\u00d3N a las Sagradas Ordenes.<\/span><\/div>\n<div>\u00a0<\/div>\n<div>La Celebraci\u00f3n Eucar\u00edstica se realizar\u00e1 en la Parroquia \u201cSan Juan Bautista\u201d de Vera a las 20.00 del d\u00eda domingo 29 de diciembre pr\u00f3ximo.<\/div>\n<div>\u00a0<\/div>\n<div>Se invita a toda la comunidad a participar de este evento tan significativo para nuestra Iglesia Particular.<\/div>\n<\/div>\n<div><\/div>\n","protected":false},"excerpt":{"rendered":"<div class=\"mh-excerpt\"><p>\u00a0 \u00a0El obispado de Reconquista informa a todo el Pueblo de Dios que el seminarista Andr\u00e9s Vicente recibir\u00e1, por medio del Obispo Diocesano, Mons. \u00c1ngel <a class=\"mh-excerpt-more\" href=\"https:\/\/www.obispadorqta.org.ar\/v3\/andresvicenteordenes\/\" title=\"Admisi\u00f3n a las Sagradas Ordenes\">[&#8230;]<\/a><\/p>\n<\/div>","protected":false},"author":1,"featured_media":0,"comment_status":"open","ping_status":"open","sticky":false,"template":"","format":"standard","meta":{"footnotes":""},"categories":[28],"tags":[],"class_list":["post-860","post","type-post","status-publish","format-standard","hentry","category-latest-news"],"_links":{"self":[{"href":"https:\/\/www.obispadorqta.org.ar\/v3\/wp-json\/wp\/v2\/posts\/860","targetHints":{"allow":["GET"]}}],"collection":[{"href":"https:\/\/www.obispadorqta.org.ar\/v3\/wp-json\/wp\/v2\/posts"}],"about":[{"href":"https:\/\/www.obispadorqta.org.ar\/v3\/wp-json\/wp\/v2\/types\/post"}],"author":[{"embeddable":true,"href":"https:\/\/www.obispadorqta.org.ar\/v3\/wp-json\/wp\/v2\/users\/1"}],"replies":[{"embeddable":true,"href":"https:\/\/www.obispadorqta.org.ar\/v3\/wp-json\/wp\/v2\/comments?post=860"}],"version-history":[{"count":0,"href":"https:\/\/www.obispadorqta.org.ar\/v3\/wp-json\/wp\/v2\/posts\/860\/revisions"}],"wp:attachment":[{"href":"https:\/\/www.obispadorqta.org.ar\/v3\/wp-json\/wp\/v2\/media?parent=860"}],"wp:term":[{"taxonomy":"category","embeddable":true,"href":"https:\/\/www.obispadorqta.org.ar\/v3\/wp-json\/wp\/v2\/categories?post=860"},{"taxonomy":"post_tag","embeddable":true,"href":"https:\/\/www.obispadorqta.org.ar\/v3\/wp-json\/wp\/v2\/tags?post=860"}],"curies":[{"name":"wp","href":"https:\/\/api.w.org\/{rel}","templated":true}]}}