{"id":867,"date":"2014-02-20T14:56:52","date_gmt":"2014-02-20T14:56:52","guid":{"rendered":"http:\/\/www.obispadorqta.org.ar\/v3\/inicio-ciclo-lectivo-2014-instituto-qjuan-pablo-iiq\/"},"modified":"2014-02-20T14:56:52","modified_gmt":"2014-02-20T14:56:52","slug":"inicio-ciclo-lectivo-2014-instituto-qjuan-pablo-iiq","status":"publish","type":"post","link":"https:\/\/www.obispadorqta.org.ar\/v3\/inicio-ciclo-lectivo-2014-instituto-qjuan-pablo-iiq\/","title":{"rendered":"Inicio Ciclo Lectivo 2014 &#8211; Instituto \u00abJuan Pablo II\u00bb"},"content":{"rendered":"<div align=\"justify\">\u00a0<\/div>\n<div align=\"justify\"><font color=\"#000000\">El <strong>Instituto de Teolog\u00eda y Pastoral \u00abJuan Pablo II\u00bb<\/strong> de la Di\u00f3cesis esta pr\u00f3ximo a iniciar su Ciclo Lectivo 2014. <\/font><\/div>\n<div align=\"justify\">\u00a0<\/div>\n<div align=\"justify\"><font color=\"#000000\">El mismo ofrece un importante ciclo de tres a\u00f1os de formaci\u00f3n en la fe y la pastoral (Ciclo B\u00e1sico), es una oportunidad para la formaci\u00f3n de laicos que trabajan en las parroquias, e interesar a otros en el camino de la gracias y la fe. Adem\u00e1s ofrece un cuarto a\u00f1o (de Especializaci\u00f3n) para quienes hayan egresado del Instituto, sin importar el a\u00f1o que lo han hecho. Es una riqueza con la que cuenta nuestra Dio\u00f3cesis.-<\/font> <\/div>\n<div style=\"text-align: center\"><img loading=\"lazy\" decoding=\"async\" src=\"https:\/\/scontent-a-mia.xx.fbcdn.net\/hphotos-frc1\/t1\/577409_566584933438002_1004992337_n.jpg\" border=\"0\" width=\"471\" height=\"514\" \/><\/div>\n","protected":false},"excerpt":{"rendered":"<div class=\"mh-excerpt\"><div align=\"justify\">\u00a0<\/div>\n<div align=\"justify\"><font color=\"#000000\">El <strong>Instituto de Teolog\u00eda y Pastoral \u00abJuan Pablo II\u00bb<\/strong> de la Di\u00f3cesis esta pr\u00f3ximo a iniciar su Ciclo Lectivo 2014. <\/font><\/div>\n<div align=\"justify\">\u00a0<\/div>\n<div align=\"justify\"><font color=\"#000000\">El mismo ofrece un importante ciclo de tres a\u00f1os de formaci\u00f3n en la fe y la pastoral (Ciclo B\u00e1sico), es una oportunidad para la formaci\u00f3n de laicos que trabajan en las parroquias, e interesar a otros en el camino de la gracias y la fe. Adem\u00e1s ofrece un cuarto a\u00f1o (de Especializaci\u00f3n) para quienes hayan egresado del Instituto, sin importar el a\u00f1o que lo han hecho. Es una riqueza con la que cuenta nuestra Dio\u00f3cesis.-<\/font><\/p>\n<\/div>","protected":false},"author":1,"featured_media":0,"comment_status":"open","ping_status":"open","sticky":false,"template":"","format":"standard","meta":{"footnotes":""},"categories":[28],"tags":[],"class_list":["post-867","post","type-post","status-publish","format-standard","hentry","category-latest-news"],"_links":{"self":[{"href":"https:\/\/www.obispadorqta.org.ar\/v3\/wp-json\/wp\/v2\/posts\/867","targetHints":{"allow":["GET"]}}],"collection":[{"href":"https:\/\/www.obispadorqta.org.ar\/v3\/wp-json\/wp\/v2\/posts"}],"about":[{"href":"https:\/\/www.obispadorqta.org.ar\/v3\/wp-json\/wp\/v2\/types\/post"}],"author":[{"embeddable":true,"href":"https:\/\/www.obispadorqta.org.ar\/v3\/wp-json\/wp\/v2\/users\/1"}],"replies":[{"embeddable":true,"href":"https:\/\/www.obispadorqta.org.ar\/v3\/wp-json\/wp\/v2\/comments?post=867"}],"version-history":[{"count":0,"href":"https:\/\/www.obispadorqta.org.ar\/v3\/wp-json\/wp\/v2\/posts\/867\/revisions"}],"wp:attachment":[{"href":"https:\/\/www.obispadorqta.org.ar\/v3\/wp-json\/wp\/v2\/media?parent=867"}],"wp:term":[{"taxonomy":"category","embeddable":true,"href":"https:\/\/www.obispadorqta.org.ar\/v3\/wp-json\/wp\/v2\/categories?post=867"},{"taxonomy":"post_tag","embeddable":true,"href":"https:\/\/www.obispadorqta.org.ar\/v3\/wp-json\/wp\/v2\/tags?post=867"}],"curies":[{"name":"wp","href":"https:\/\/api.w.org\/{rel}","templated":true}]}}