{"id":868,"date":"2014-02-24T11:41:47","date_gmt":"2014-02-24T11:41:47","guid":{"rendered":"http:\/\/www.obispadorqta.org.ar\/v3\/gestiones-para-la-puesta-en-valores-de-qel-jacarandaq\/"},"modified":"2014-02-24T11:41:47","modified_gmt":"2014-02-24T11:41:47","slug":"gestiones-para-la-puesta-en-valores-de-qel-jacarandaq","status":"publish","type":"post","link":"https:\/\/www.obispadorqta.org.ar\/v3\/gestiones-para-la-puesta-en-valores-de-qel-jacarandaq\/","title":{"rendered":"Gestiones para la puesta en valor de \u00abEl Jacarand\u00e1\u00bb"},"content":{"rendered":"<div style=\"text-align: center\"><font color=\"#000000\"><img loading=\"lazy\" decoding=\"async\" src=\"https:\/\/scontent-b-mia.xx.fbcdn.net\/hphotos-frc3\/t1\/1622620_568327469930415_1635940821_n.jpg\" border=\"0\" width=\"434\" height=\"326\" \/><\/font><\/div>\n<p><font color=\"#000000\">El viernes 21 del corriente nos visit\u00f3, por segunda vez, el arquitecto Esteban Caveri acompa\u00f1ado por su esposa, quienes residen en Buenos Aires; es hijo de Claudio Caveri, el arquitecto que dise\u00f1\u00f3 y construy\u00f3 la casa de retiros llamada El Jacarand\u00e1, cercana a la III Brigada, en la d\u00e9cada del \u201960.-<\/font> <\/p>\n<p align=\"justify\"><font color=\"#000000\">Vino respondiendo a una invitaci\u00f3n que se hizo desde el obispado, por medio del matrimonio de Enzo y Tere Catanzaritti, administrador de la casa. El mismo d\u00eda visit\u00f3 la obra, acompa\u00f1ado por el obispo, Mons. \u00c1ngel Jos\u00e9 Mac\u00edn, el matrimonio Catanzaritti, el encargado de la casa Gustavo Mareco y el P. Efr\u00e9n Agretti.\u00a0 Al recorrer el lugar, se pudo constatar el deterioro causado por el uso y el tiempo en las instalaciones. <\/font><\/p>\n<p align=\"justify\"><font color=\"#000000\">Conocedor del proyecto de su padre, de la filosof\u00eda y antropolog\u00eda que sustenta y da sentido a la construcci\u00f3n, la cual tiene por fin el encuentro del hombre con Dios, fue se\u00f1alando qu\u00e9 hacer para restaurar, renovar y poner en valor toda la obra. Sin perder de vista el aporte que -como construcci\u00f3n- brinda a la arquitectura y al patrimonio hist\u00f3rico de nuestra ciudad, se intenta lograr que siga prestando el servicio para el cual fue pensada. <\/font><\/p>\n<p><font color=\"#000000\">Luego, el Arq. Caveri se encontr\u00f3 con algunos miembros del Colegio de arquitectos, interesados en aportar al proyecto, para ver juntos caminos a seguir. El s\u00e1bado 22, por la ma\u00f1ana, nuevamente se encontr\u00f3 con el encargado de la casa, para darle precisiones sobre la continuidad de los trabajos que ya se est\u00e1n realizando. Si bien hay deterioro, todo es recuperable y, con el esfuerzo mancomunado de distintos sectores, se podr\u00e1 lograr el cometido, ya que el obispado est\u00e1 trabajando en un proyecto global de puesta en valor del lugar.<\/font><\/p>\n<p><img loading=\"lazy\" decoding=\"async\" src=\"https:\/\/fbcdn-sphotos-a-a.akamaihd.net\/hphotos-ak-prn1\/t1\/16676_568327416597087_1621752775_n.jpg\" border=\"0\" width=\"403\" height=\"302\" align=\"left\" \/> <img loading=\"lazy\" decoding=\"async\" src=\"https:\/\/fbcdn-sphotos-b-a.akamaihd.net\/hphotos-ak-frc3\/t1\/1890978_568327506597078_368024228_n.jpg\" border=\"0\" width=\"400\" height=\"300\" align=\"right\" \/><\/p>\n","protected":false},"excerpt":{"rendered":"<div class=\"mh-excerpt\"><div style=\"text-align: center\"><font color=\"#000000\"><img loading=\"lazy\" decoding=\"async\" src=\"https:\/\/scontent-b-mia.xx.fbcdn.net\/hphotos-frc3\/t1\/1622620_568327469930415_1635940821_n.jpg\" border=\"0\" width=\"434\" height=\"326\" \/><\/font><\/div>\n<p><font color=\"#000000\">El viernes 21 del corriente nos visit\u00f3, por segunda vez, el arquitecto Esteban Caveri acompa\u00f1ado por su esposa, quienes residen en Buenos Aires; es hijo de Claudio Caveri, el arquitecto que dise\u00f1\u00f3 y construy\u00f3 la casa de retiros llamada El Jacarand\u00e1, cercana a la III Brigada, en la d\u00e9cada del \u201960.-<\/font><\/p>\n<\/div>","protected":false},"author":1,"featured_media":0,"comment_status":"open","ping_status":"open","sticky":false,"template":"","format":"standard","meta":{"footnotes":""},"categories":[28],"tags":[],"class_list":["post-868","post","type-post","status-publish","format-standard","hentry","category-latest-news"],"_links":{"self":[{"href":"https:\/\/www.obispadorqta.org.ar\/v3\/wp-json\/wp\/v2\/posts\/868","targetHints":{"allow":["GET"]}}],"collection":[{"href":"https:\/\/www.obispadorqta.org.ar\/v3\/wp-json\/wp\/v2\/posts"}],"about":[{"href":"https:\/\/www.obispadorqta.org.ar\/v3\/wp-json\/wp\/v2\/types\/post"}],"author":[{"embeddable":true,"href":"https:\/\/www.obispadorqta.org.ar\/v3\/wp-json\/wp\/v2\/users\/1"}],"replies":[{"embeddable":true,"href":"https:\/\/www.obispadorqta.org.ar\/v3\/wp-json\/wp\/v2\/comments?post=868"}],"version-history":[{"count":0,"href":"https:\/\/www.obispadorqta.org.ar\/v3\/wp-json\/wp\/v2\/posts\/868\/revisions"}],"wp:attachment":[{"href":"https:\/\/www.obispadorqta.org.ar\/v3\/wp-json\/wp\/v2\/media?parent=868"}],"wp:term":[{"taxonomy":"category","embeddable":true,"href":"https:\/\/www.obispadorqta.org.ar\/v3\/wp-json\/wp\/v2\/categories?post=868"},{"taxonomy":"post_tag","embeddable":true,"href":"https:\/\/www.obispadorqta.org.ar\/v3\/wp-json\/wp\/v2\/tags?post=868"}],"curies":[{"name":"wp","href":"https:\/\/api.w.org\/{rel}","templated":true}]}}