{"id":869,"date":"2014-02-25T11:41:06","date_gmt":"2014-02-25T11:41:06","guid":{"rendered":"http:\/\/www.obispadorqta.org.ar\/v3\/avisos-parrroquiales-2\/"},"modified":"2014-02-25T11:41:06","modified_gmt":"2014-02-25T11:41:06","slug":"avisos-parrroquiales-2","status":"publish","type":"post","link":"https:\/\/www.obispadorqta.org.ar\/v3\/avisos-parrroquiales-2\/","title":{"rendered":"AVISOS PARRROQUIALES"},"content":{"rendered":"<div style=\"text-align: center\"><img loading=\"lazy\" decoding=\"async\" src=\"http:\/\/sphotos-b.ak.fbcdn.net\/hphotos-ak-prn1\/p206x206\/534825_305237389572759_242375067_n.jpg\" border=\"0\" width=\"261\" height=\"218\" \/><\/div>\n<p><u><font color=\"#FF0000\"><strong><span style=\"font-size: 14px\">PARROQUIA \u00abINMACULADA CONCEPCI\u00d3N\u00bb &#8211; RECONQUISTA<\/span><\/strong><\/font><\/u><\/p>\n<p align=\"justify\"><font color=\"#000000\"><strong>MISAS TRANSMITIDAS POR RADIO MARIA DESDE LA CATEDRAL:<\/strong> A partir del martes 25 hasta el viernes 28. Por este motivo se adelanta el horario a las 20hs. <\/font><\/p>\n<p align=\"justify\"><font color=\"#000000\"><strong>ENCUENTRO DE FORMACION PARA COROS Y MINISTERIOS DE MUSICA:<\/strong> Martes 25 a las 21 Hs. <\/font><\/p>\n<p align=\"justify\"><font color=\"#000000\"><strong>CURSILLO DE NOVIOS:<\/strong> Se llevar\u00e1 a cabo el domingo 02\/03 en el sal\u00f3n parroquial de 07:30 a 12:30 Hs.<\/font><\/p>\n<p align=\"justify\"><font color=\"#000000\"><strong>MISAS EN LOS BARRIOS:<\/strong> Se realizar\u00e1n en sus horarios habituales a partir del s\u00e1bado 01 de marzo.<\/font><\/p>\n<p align=\"justify\"><font color=\"#000000\"><strong>RETIRO PARA CATEQUISTAS:<\/strong> se realizar\u00e1n en casa de retiro de La Lola, en dos tandas en el mes de Marzo: los d\u00edas 7, 8 y 9 \u00f3 28, 29 y 30. Inscripci\u00f3n en Secretaria Parroquial. <\/font><\/p>\n<p align=\"justify\"><u><strong><font color=\"#000000\">MISAS DE LA SEMANA<\/font><\/strong><\/u><\/p>\n<p align=\"justify\"><font color=\"#000000\"><strong>Martes a viernes\u00a0\u00a0<\/strong>\u00a0 <br \/>Catedral &#8230;&#8230;&#8230;&#8230;&#8230;&#8230;&#8230;&#8230;&#8230;&#8230;&#8230;. 20.00<br \/><strong>S\u00e1bado 01<\/strong><br \/>Capilla Jes\u00fas Buen Pastor\u00a0 (Bo. Noreste) &#8230;&#8230;&#8230;&#8230;&#8230;&#8230;&#8230;&#8230;&#8230; 18.00 <br \/>Capilla Transfiguraci\u00f3n del Se\u00f1or (Bo. Fraternidad) &#8230;&#8230;&#8230;&#8230;.. 09.15<br \/>Catedral &#8230;&#8230;&#8230;&#8230;&#8230;&#8230;&#8230;&#8230;&#8230;&#8230;&#8230;&#8230;&#8230;&#8230;&#8230;&#8230;&#8230;&#8230;&#8230;&#8230;&#8230;&#8230;&#8230;.. 20.00 <br \/>Capilla Esp\u00edritu Santo (Bo. San Mart\u00edn) &#8230;&#8230;&#8230;&#8230;&#8230;&#8230;&#8230;&#8230;&#8230;&#8230;. 20.30 <br \/><strong>Domingo 02<\/strong><br \/>Capilla Jes\u00fas de la Buena Esperanza (Bo Las Ranas) &#8230;&#8230;&#8230;&#8230;. 09.00 <br \/>Catedral &#8230;&#8230;&#8230;&#8230;&#8230;&#8230;&#8230;&#8230;&#8230;&#8230;&#8230;&#8230;&#8230;&#8230;&#8230;&#8230;&#8230;&#8230;&#8230;&#8230;&#8230;&#8230;&#8230;.. 10.00\u00a0 <br \/>Catedral\u00a0 y Capilla B\u00ba Sarmiento &#8230;&#8230;&#8230;&#8230;&#8230;&#8230;&#8230;&#8230;&#8230;&#8230;&#8230;&#8230;&#8230; 20.00\u00a0 <\/font><\/p>\n<p align=\"justify\">&nbsp;<\/p>\n<p align=\"justify\"><u><font color=\"#FF0000\"><strong><span style=\"font-size: 14px\">PARROQUIA \u00abNUESTRA SE\u00d1ORA DE LA MERCED\u00bb &#8211; AVELLANEDA<\/span><\/strong><\/font><\/u><\/p>\n<p><strong><font color=\"#000000\">HORARIOS DE MISAS<\/font><\/strong><\/p>\n<p><font color=\"#000000\"><strong>S\u00e1bado\u00a001\u00a0de\u00a0\u00a0Marzo<\/strong><br \/>16:00 hs. Charla y\u00a0\u00a0Bautismos<br \/>18:30 hs. B\u00ba Libertad<br \/>18:30 hs. Santa Ana<br \/>20:00 hs. Guadalupe\u00a0\u00a0Norte<br \/>20:00 hs.\u00a0\u00a0Templo Parroquial<br \/>**Enlace matrimonial:\u00a0\u00a0Marcos Della Rosa y Roc\u00edo Aracne \u2013 21:00 hs. Templo Parroquial.<br \/>&#8211;Aldo Gonzalez y Romina Sotelo \u2013 20:00 hs. en Capilla Santa Ana<\/font><\/p>\n<p><font color=\"#000000\"><strong>Domingo\u00a002 de\u00a0\u00a0Marzo<\/strong><br \/>08:30 hs. B\u00ba Belgrano<br \/>10:00 hs. B\u00ba\u00a0\u00a0Don\u00a0\u00a0Pedro<br \/>10:00 hs. Templo Parroquial<br \/>18:30 hs. B\u00ba Port Arthur<br \/>20:00 hs.\u00a0Templo Parroquial<\/font><\/p>\n<p><font color=\"#000000\"><u><strong>AVISOS\u00a0\u00a0PARROQUIALES<\/strong><\/u><\/font><\/p>\n<p><font color=\"#000000\"><strong>**CONSEJO DE PASTORAL:<\/strong>\u00a0\u00a0habr\u00e1 reuni\u00f3n el\u00a0\u00a0\u00a0MIERCOLES 26\u00a0\u00a0de FEBRERO, a las\u00a0\u00a020:40 hs<\/font><\/p>\n<p><font color=\"#000000\"><strong>**FIESTA en SANTA ANA<\/strong> <strong>\u2013 Capilla de Lourdes &#8211; &gt;Flia. Acosta<\/strong> -La comunidad de Santa Ana invita a la Fiesta de la Capilla de Lourdes \u2013 Flia. de Hector Acosta-\u00a0\u00a0que ser\u00e1 el\u00a0s\u00e1bado 1\u00ba de marzo.\u00a0\u00a0Habr\u00e1 una bicicleteada\u00a0\u00a0que saldr\u00e1 desde la Capilla del B\u00ba Padre Celso a las 17:30 hs. para llegar a las 19:00 hs. en que se celebrar\u00e1 la Santa Misa.<\/font><\/p>\n<p><font color=\"#000000\"><strong>** MIERCOLES DE CENIZA * INICIO DEL TIEMPO DE CUARESMA:<\/strong> Estamos todos invitados a participar de las celebraciones del inicio del tiempo cuaresmal. El mi\u00e9rcoles 5 de marzo, imposici\u00f3n de CENIZAS a las 09:00 hs. en el Templo y en la Misa de 20:00 hs<\/font><\/p>\n<p><font color=\"#000000\"><strong>**\u00a0BECAS \u00f3 BONO de APORTE para el SEMINARIO INTERDIOCESANO: <\/strong>Tu colaboraci\u00f3n en\u00a0\u00a0la formaci\u00f3n de un seminarista la pod\u00e9s realizar pidiendo en Librer\u00eda Parroquial el BONO de APORTE \u00f3\u00a0\u00a0BECA para el Seminario.<\/font><\/p>\n<p><font color=\"#000000\"><strong>**COLECTA CUARESMAL DIOCESANA de 1%:<\/strong> Pensando en seguir\u00a0\u00a0\u201cconstruyendo la cultura de la solidaridad\u201d, la Di\u00f3cesis de Reconquista nos invita a colaborar con esta Colecta que se llevar\u00e1 a cabo el s\u00e1bado 15 y el domingo 16 de marzo.<\/font><\/p>\n<p><font color=\"#000000\">*<strong>*VIA CRUCIS EN EL TEMPLO:<\/strong> Como preparaci\u00f3n a la Semana Santa, todos los viernes de cuaresma habr\u00e1 VIA CRUCIS en el Templo a las 19:15 hs.<br \/><\/font><\/p>\n<p align=\"justify\"><font color=\"#000000\"><font color=\"#FF0000\"><u><strong style=\"font-size: 14px\">PARROQUIA \u00abMAR\u00cdA MADRE DE DIOS\u00bb &#8211; RECONQUISTA<\/strong><\/u><\/font><\/font> <\/p>\n<p align=\"justify\">&nbsp;<\/p>\n<p align=\"justify\"><font color=\"#000000\"><font color=\"#FF0000\"><u><strong style=\"font-size: 14px\">PARROQUIA \u00abLA ENCARNACI\u00d3N DEL SE\u00d1OR\u00bb &#8211; LA SARITA<\/strong><\/u><\/font><\/font><\/p>\n<p align=\"justify\"><font color=\"#000000\"><strong>MIERCOLES 26<\/strong><br \/>No hay Misas<\/font><\/p>\n<p align=\"justify\"><font color=\"#000000\"><strong>JUEVES 27<\/strong><br \/>18:00\u00a0 Misa en La Enredadera<br \/>20:00\u00a0 Misa en La Sarita, luego reuni\u00f3n del Consejo Pastoral y Consejo Econ\u00f3mico Parroquial<\/font><\/p>\n<p align=\"justify\"><font color=\"#000000\"><strong>VIERNES 28<\/strong><br \/>18:00\u00a0 Misa en Cuatro Bocas<br \/>20:00\u00a0 Misa en El Araz\u00e1<\/font><\/p>\n<p align=\"justify\"><font color=\"#000000\"><strong>S\u00c1BADO 01<\/strong><br \/>19:00\u00a0 Misa en La Alerta<br \/>20:30 Misa en La Vanguardia, dando Gracias a Dios por los 65 a\u00f1os de vida de Adelquis Suligoy. <\/font><\/p>\n<p align=\"justify\"><font color=\"#000000\"><strong>DOMINGO 02<\/strong><br \/>09:00\u00a0 Misa en La Sarita, pidiendo por Mar\u00eda Cracogna al cumplirse el primer mes de fallecimiento.<br \/>10:30\u00a0 Misa en San Manuel<\/font>\u00a0 <\/p>\n<p><\/p>\n<p style=\"margin: 0cm 0cm 0.0001pt; text-align: justify\"><font color=\"#000000\"><font color=\"#FF0000\"><u><strong style=\"font-size: 14px\">PARROQUIA \u00abSAN LUIS GONZAGA\u00bb &#8211; CALCHAQU\u00cd<\/strong><\/u><\/font><\/font><\/p>\n<p style=\"margin: 0cm 0cm 0.0001pt; text-align: justify\">&nbsp;<\/p>\n<p style=\"margin: 0cm 0cm 0.0001pt; text-align: justify\"><font color=\"#000000\"><u><strong>MARTES 25<\/strong><\/u><br \/>20.15 Misa en el Templo.<\/font><\/p>\n<p style=\"margin: 0cm 0cm 0.0001pt; text-align: justify\">&nbsp;<\/p>\n<p style=\"margin: 0cm 0cm 0.0001pt; text-align: justify\"><font color=\"#000000\"><u><strong>MI\u00c9RCOLES 26<\/strong><\/u><br \/>07.15 Misa en el Templo.<\/font><\/p>\n<p style=\"margin: 0cm 0cm 0.0001pt; text-align: justify\">&nbsp;<\/p>\n<p style=\"margin: 0cm 0cm 0.0001pt; text-align: justify\"><font color=\"#000000\"><u><strong>JUEVES 27<\/strong><\/u><br \/>20.15 Misa en el Templo.<\/font><\/p>\n<p style=\"margin: 0cm 0cm 0.0001pt; text-align: justify\"><strong>\u00a0<\/strong><\/p>\n<p style=\"margin: 0cm 0cm 0.0001pt; text-align: justify\"><font color=\"#000000\"><u><strong>VIERNES 28<\/strong><\/u><br \/>17.30 Misa en el Hogar de Ancianos.<\/font><\/p>\n<p style=\"margin: 0cm 0cm 0.0001pt; text-align: justify\">&nbsp;<\/p>\n<p style=\"margin: 0cm 0cm 0.0001pt; text-align: justify\"><font color=\"#000000\"><u><strong>S\u00c1BADO 01<\/strong><\/u><br \/>08.30 Inicia el retiro parroquial para agentes de C\u00e1ritas.<br \/>09.30 Inicia retiro zonal para Catequistas.<br \/>16.00 Inician los encuentros de Infancia Misionera, en Capilla \u201cSanta Rosa\u201d.<br \/>20.00 Misa en el Templo.<br \/>21.00 Casamiento en el Templo.<\/font><\/p>\n<p style=\"margin: 0cm 0cm 0.0001pt; text-align: justify\">&nbsp;<\/p>\n<p style=\"margin: 0cm 0cm 0.0001pt; text-align: justify\"><font color=\"#000000\"><u><strong>DOMINGO 02<\/strong><\/u><br \/>20.00 Misa en el Templo. Bendici\u00f3n y env\u00edo de los j\u00f3venes que ingresar\u00e1n al Seminario.<\/font><\/p>\n<p style=\"margin: 0cm 0cm 0.0001pt; text-align: justify\">&nbsp;<\/p>\n<p style=\"margin: 0cm 0cm 0.0001pt; text-align: justify\"><font color=\"#000000\"><strong>RETIRO PARA CURSILLISTAS:<\/strong> ser\u00e1 el 8 y 9 de marzo, en Reconquista. Consultar en Secretar\u00eda Parroquial.<\/font><\/p>\n<p style=\"margin: 0cm 0cm 0.0001pt; text-align: justify\">&nbsp;<\/p>\n<p style=\"margin: 0cm 0cm 0.0001pt; text-align: justify\"><font color=\"#000000\"><strong>SERVICIO DE COORDINACI\u00d3N DEL CONSEJO PASTORAL PARROQUIAL:<\/strong> lo realizar\u00e1 la Sra. Beatriz Gonz\u00e1lez de Fin\u00f3s. Agradecemos a la Sra. Griselda Scotta que lo realiz\u00f3 hasta ahora. <\/font><\/p>\n<p>\u00a0<\/p>\n","protected":false},"excerpt":{"rendered":"<div class=\"mh-excerpt\"><div style=\"text-align: center\"><img loading=\"lazy\" decoding=\"async\" src=\"http:\/\/sphotos-b.ak.fbcdn.net\/hphotos-ak-prn1\/p206x206\/534825_305237389572759_242375067_n.jpg\" border=\"0\" width=\"261\" height=\"218\" \/><\/div>\n<\/div>","protected":false},"author":1,"featured_media":0,"comment_status":"open","ping_status":"open","sticky":false,"template":"","format":"standard","meta":{"footnotes":""},"categories":[28],"tags":[],"class_list":["post-869","post","type-post","status-publish","format-standard","hentry","category-latest-news"],"_links":{"self":[{"href":"https:\/\/www.obispadorqta.org.ar\/v3\/wp-json\/wp\/v2\/posts\/869","targetHints":{"allow":["GET"]}}],"collection":[{"href":"https:\/\/www.obispadorqta.org.ar\/v3\/wp-json\/wp\/v2\/posts"}],"about":[{"href":"https:\/\/www.obispadorqta.org.ar\/v3\/wp-json\/wp\/v2\/types\/post"}],"author":[{"embeddable":true,"href":"https:\/\/www.obispadorqta.org.ar\/v3\/wp-json\/wp\/v2\/users\/1"}],"replies":[{"embeddable":true,"href":"https:\/\/www.obispadorqta.org.ar\/v3\/wp-json\/wp\/v2\/comments?post=869"}],"version-history":[{"count":0,"href":"https:\/\/www.obispadorqta.org.ar\/v3\/wp-json\/wp\/v2\/posts\/869\/revisions"}],"wp:attachment":[{"href":"https:\/\/www.obispadorqta.org.ar\/v3\/wp-json\/wp\/v2\/media?parent=869"}],"wp:term":[{"taxonomy":"category","embeddable":true,"href":"https:\/\/www.obispadorqta.org.ar\/v3\/wp-json\/wp\/v2\/categories?post=869"},{"taxonomy":"post_tag","embeddable":true,"href":"https:\/\/www.obispadorqta.org.ar\/v3\/wp-json\/wp\/v2\/tags?post=869"}],"curies":[{"name":"wp","href":"https:\/\/api.w.org\/{rel}","templated":true}]}}