{"id":870,"date":"2014-02-26T12:48:12","date_gmt":"2014-02-26T12:48:12","guid":{"rendered":"http:\/\/www.obispadorqta.org.ar\/v3\/carta-pastoral-cuaresma-2014\/"},"modified":"2014-02-26T12:48:12","modified_gmt":"2014-02-26T12:48:12","slug":"carta-pastoral-cuaresma-2014","status":"publish","type":"post","link":"https:\/\/www.obispadorqta.org.ar\/v3\/carta-pastoral-cuaresma-2014\/","title":{"rendered":"Carta Pastoral &#8211; Cuaresma 2014"},"content":{"rendered":"<div align=\"center\">\u00a0<\/div>\n<div align=\"center\"><u><font color=\"#000000\"><strong style=\"font-family: Georgia,Times New Roman,Times,serif; font-size: 16px\">LLAMADO, DESPOJO Y ENV\u00cdO<\/strong><\/font><\/u><\/div>\n<div>\u00a0<\/p>\n<div style=\"text-align: center\"><img loading=\"lazy\" decoding=\"async\" src=\"https:\/\/fbcdn-sphotos-f-a.akamaihd.net\/hphotos-ak-frc3\/t1\/p206x206\/1477541_527877120642117_849803888_n.jpg\" border=\"0\" width=\"157\" height=\"241\" \/><\/div>\n<\/div>\n<div align=\"justify\">\u00a0<\/div>\n<div align=\"justify\"><font color=\"#000000\">En los inicios de mi ministerio pas<\/font><font color=\"#000000\">toral en la Di\u00f3cesis de Reconquista, quiero llegar a ustedes para invitarlos a ponernos, una vez m\u00e1s, a la escucha de la Palabra de Dios y disponernos a e<\/font><font color=\"#000000\">sta nueva etapa que nos toca recorrer juntos. Predisponernos a la escucha no se trata solo de una invitaci\u00f3n de tipo general. Es un pedido que intenta s<\/font><font color=\"#000000\">er m\u00e1s concreto y que consiste en asumir un pasaje b\u00edblico, leerlo y meditarlo en forma personal, reflexionarlo y orarlo en forma comunitaria, pa<\/font><font color=\"#000000\">ra<\/font><font color=\"#000000\"> que de la Palabra de Dios pueda penetrar en lo profundo de nuestro coraz\u00f3n y nuestras estructuras pastorales y pueda transformarlas desde dentro, encamin\u00e1ndonos a una decidida apertura misionera.<\/font><\/div>\n<div>\u00a0 <\/div>\n<div><font color=\"#000000\">El pasaje b\u00edblico que les propongo como referencia para este tiempo cuaresmal y para todo el a\u00f1o 2014 es Lc 10,1-20, conocido como el \u201cenv\u00edo de los setenta y dos disc\u00edpulos\u201d. He elegido este pasaje porque nos ubica, siguiendo las sendas del Papa Francisco, en las fuentes mismas de nuestra vida como cristianos y como Iglesia: llamados para evangelizar. El car\u00e1cter amplio del n\u00famero de los enviados que contiene el texto sugiere que ya en el ministerio de Jes\u00fas, todos fueron<\/font><font color=\"#000000\"> inc<\/font><font color=\"#000000\">luidos en el dinamismo de la misi\u00f3n. La misi\u00f3n no es un privilegio u obligaci\u00f3n de unos pocos, es un gozo y una responsabilidad para todos.<\/font><\/div>\n<div align=\"justify\">\u00a0<\/div>\n<div align=\"justify\"><font color=\"#000000\">El tiempo de cuaresma ser\u00e1 propicio para comenzar este itinerario de meditaci\u00f3n personal y comunitaria del <\/font><font color=\"#000000\">texto, que espero se prolongue en los meses siguientes, para revivir nuestra experiencia de encuentro con Jes\u00fas, para discernir juntos, a la luz de la Palabra de Dios, de qu\u00e9 cosas tenemos que desprendernos, qu\u00e9 cosas tenemos que dejar para caminar c<\/font><font color=\"#000000\">on alegr\u00eda y entusiasmo en el seguimiento del Se\u00f1or y renovar nuestro impulso misionero esta nueva etapa en la vida diocesana.<\/font><\/div>\n<div align=\"justify\">\u00a0<\/div>\n<div align=\"justify\">\u00a0<\/div>\n<div align=\"justify\"><font color=\"#000000\"><strong><span style=\"font-size: 14px\">1.\u00a0\u00a0 \u00a0Llamados por Jes\u00fas<\/span><\/strong><\/font><\/div>\n<div align=\"justify\">\u00a0<\/div>\n<div align=\"justify\"><font color=\"#000000\">Al comienzo de nuestra<\/font><font color=\"#000000\"><img loading=\"lazy\" decoding=\"async\" src=\"https:\/\/scontent-b-mia.xx.fbcdn.net\/hphotos-ash3\/t1\/1920320_569228983173597_1831342337_n.jpg\" border=\"0\" width=\"206\" height=\"176\" align=\"left\" \/><\/font><font color=\"#000000\"> vida cristiana est\u00e1 el llamado de Jes\u00fas, quien nos convoca para estar con \u00c9l y para enviarnos a evangelizar. El Papa Francisco, recientemente nos recordaba, citando palabras de su predecesor Benedicto XVI: \u201cNo se comienza a ser cristiano por una decisi\u00f3n \u00e9tica o una gran idea, sino por el encuentro con un acontecimiento, con una Persona, que da un horizonte nuevo a la vida y, con ello, una orientaci\u00f3n decisiva\u201d (EG 7).<\/font><\/div>\n<div align=\"justify\"><font color=\"#000000\">\u00a0<\/font><\/div>\n<div align=\"justify\"><font color=\"#000000\">Se nos dice en Lc 10,1 que despu\u00e9s de plantear las exigencias de la vida del misionero, Jes\u00fas \u201celigi\u00f3\u201d y \u201cnombr\u00f3\u201d otros setenta y dos y los envi\u00f3 delante de \u00c9l, para que le preparasen el camino. El fundamento de nuestra identidad cristiana, como disc\u00edpulos, y de nuestro ser Iglesia, est\u00e1 en el llamado, en la elecci\u00f3n por parte de Dios. <em>\u201cNo son ustedes los que me eligieron, sino que yo los eleg\u00ed a ustedes\u2026\u201d <\/em>(Jn 15,16). \u00a1Qu\u00e9 lindo es ser elegido! \u00a1Qu\u00e9 lindo es ser llamado, es ser tenido en cuenta por Jes\u00fas, para estar y trabajar con \u00c9l!<\/font><\/div>\n<div align=\"justify\"><font color=\"#000000\">\u00a0<\/font><\/div>\n<div align=\"justify\"><font color=\"#000000\">Esta experiencia de elecci\u00f3n se percibe y se reconoce cuando se cultiva un v\u00ednculo personal con el Se\u00f1or. La oraci\u00f3n es el espacio donde ese v\u00ednculo comienza a tomar forma.\u00a0 Por eso, la primera recomendaci\u00f3n a los disc\u00edpulos es la oraci\u00f3n. Rezar para participar del llamado de Dios. Rezar porque el desaf\u00edo es grande y los trabajadores son pocos. Rezar para que otros puedan sumarse a esta aventura de anunciar la buena noticia del Reino.<\/font><\/div>\n<div align=\"justify\"><font color=\"#000000\">\u00a0<\/font><\/div>\n<div align=\"justify\"><font color=\"#000000\"><u>Para orar y compartir<\/u>: \u00bfHe escuchado la voz de Jes\u00fas en mi coraz\u00f3n, que me llama para estar con \u00c9l? \u00bfPuedo vivir cada d\u00eda un encuentro personal con Jes\u00fas en la oraci\u00f3n? \u00bfMe dice algo la frase \u201cla cosecha es abundante pero los trabajadores son pocos\u201d? \u00bfEstoy dispuesto a responder a Jes\u00fas, a su llamado?<\/font><\/div>\n<div align=\"justify\">\u00a0<\/div>\n<div align=\"justify\">\u00a0<\/div>\n<div align=\"justify\"><font color=\"#000000\"><strong style=\"font-size: 14px\">2.\u00a0\u00a0 \u00a0Animarse al despojo<\/strong><\/font><\/div>\n<div align=\"justify\">\u00a0<\/div>\n<div align=\"justify\"><font color=\"#000000\">Despojo, d<\/font><font color=\"#000000\"><img loading=\"lazy\" decoding=\"async\" src=\"https:\/\/scontent-a-mia.xx.fbcdn.net\/hphotos-frc3\/t1\/1689944_569229256506903_1311602840_n.jpg\" border=\"0\" width=\"294\" height=\"179\" align=\"left\" \/><\/font><font color=\"#000000\">espojarse, es una palabra fuerte. Se utiliza en nuestra zona para hablar de la cosecha de mandarinas y naranjas. Su sentido es duro porque indica que l<\/font><font color=\"#000000\">a acci\u00f3n de despojar es quitarle a la planta el fruto que ofrece. El despojo implica dolor, sacrificio, renuncia.<\/font><\/div>\n<div align=\"justify\">\u00a0<\/div>\n<div align=\"justify\"><font color=\"#000000\">Pero existe tambi\u00e9n un despojo diferente, que es un desprendimiento voluntario y libre. Puede ser personal y comunitario. En Lc 10,4 leemos, en las indicaciones que Jes\u00fas les da a sus enviados, <em>\u201cno lleven dinero, ni alforja, ni sandalias. Y no se detengan a saludar a nadie por el camino\u201d.<\/em> Es impresionante: no llevar nada, ni siquiera sandal<\/font><font color=\"#000000\">ias, fundamentales para la protecci\u00f3n contra las piedras y cascotes que uno se encuentra por la calle. Adem\u00e1s, Jes\u00fas les pide salir con premura, a no entretenerse demasiado en preparativos superficiales. Por su parte, la recomendaci\u00f3n de no saludar no se refiere a una falta de educaci\u00f3n, sino a la urgencia de la misi\u00f3n que est\u00e1 delante. No se puede perder tiempo en cosas secundarias.<\/font><\/div>\n<p><font color=\"#000000\">Si ahondamos en esta idea del despojo, conviene detenernos un momento a contemplar a Jes\u00fas. Nos dice la Carta a los Filipenses, citando un antiguo himno referido a la persona de Jes\u00fas: <em>\u201cse despoj\u00f3 d<\/em><\/font><font color=\"#000000\"><em>e su condici\u00f3n divina, pasando por uno de tantos\u201d<\/em> (Flp 2,7). Es decir, se despojo de su gloria, se despoj\u00f3 de todo. Entonces, Jes\u00fas aparece como el primer misionero, quien renunciando a su gloria, se dedica a recorrer los caminos y los pueblos, para anunciar la buena noticia del Reino.<\/font><\/p>\n<p><font color=\"#000000\">Creo que el lenguaje del despojo puede iluminar mucho el concepto de \u201cconversi\u00f3n pastoral\u201d, sobre la cual comenzamos a pensar y a trabajar en estos \u00faltimos a\u00f1os. La conversi\u00f3n pastoral es el cambio que tenemos que llevar adelante en nuestra acci\u00f3n evangelizadora, para optimizar el anuncio del evangelio, para no perder energ\u00edas en cosas que ya no funcionan, para no \u201cgastar p\u00f3lvora en chimangos\u201d. Pero se trata de un despojo con sentido. No se trata de andar livianos de bienes, con lo m\u00ednimo indispensable, solamente para mostrar a los dem\u00e1s nuestra capacidad de sacrificio, nuestra heroicidad o nuestro gusto por la novedad. El despojo tiene un sentido muy concreto: la misi\u00f3n, el anuncio de la buena noticia del Reino.<\/font><\/p>\n<p><font color=\"#000000\"><u>Para orar y compartir:<\/u> la Palabra de Dios, con su fuerza, nos interpela y nos cuestiona: \u00bfQu\u00e9 cosas sobran en \u201cmi mochila\u201d? \u00bfQu\u00e9 cosas me impiden personalmente seguir a Jes\u00fas y salir a anunciar que el Reino de Dios est\u00e1 cerca? \u00bfQu\u00e9 cosas impiden en nuestras capillas, en nuestras parroquias, en nuestros grupos y movimientos, caminar libres hacia quienes nos esperan y nos necesitan? \u00bfNo ser\u00e1 que estamos demasiado quedados y dando demasiadas vueltas para salir a misionar?<\/font><\/p>\n<p>&nbsp;<\/p>\n<p><font color=\"#000000\"><strong style=\"font-size: 14px\">3.\u00a0\u00a0 \u00a0Enviados a anunciar la buena noticia<\/strong><\/font><\/p>\n<p align=\"justify\"><font color=\"#000000\"><img loading=\"lazy\" decoding=\"async\" src=\"https:\/\/scontent-a-mia.xx.fbcdn.net\/hphotos-frc1\/l\/t1\/1911930_569232636506565_891659618_n.jpg\" border=\"0\" width=\"255\" height=\"181\" align=\"left\" \/>Si volvemos al texto evang\u00e9lico propuesto al inicio, vemos que all\u00ed se habla con toda claridad del mandato de env\u00edo por parte de Jes\u00fas. Es \u00c9l quien llama y quien env\u00eda. Es Jes\u00fas quien designa a los setenta y dos y los manda a los lugares donde El deb\u00eda ir. Es decir, los misioneros de Jes\u00fas anticipan su llegada.<\/font><\/p>\n<p align=\"justify\"><font color=\"#000000\">No van por cuenta propia. Son testigos. Pero testigos con autoridad.<\/font><br \/><font color=\"#000000\">Este env\u00edo se realiza de dos en dos. No se trata de una misi\u00f3n individualista, de quien se corta solo y piensa que tiene todo claro. Se trata de una misi\u00f3n que es pensada por Jes\u00fas como una misi\u00f3n de la Iglesia, en Iglesia, en vistas a crear y hacer crecer la comuni\u00f3n entre las personas.<\/font><\/p>\n<p align=\"justify\"><font color=\"#000000\">Los medios para el anuncio son precarios, sobrios, porque en este env\u00edo, la prioridad la tiene el contacto personal, el llegar a la casa de las familias, de la gente. Podemos ser bien recibidos o podemos ser atendidos con indiferencia o hasta rechazados. Pero el camino elegido por Jes\u00fas es as\u00ed: el evangelio se ofrece libremente, y puede ser aceptado o rechazado.<\/font><\/p>\n<p align=\"justify\"><font color=\"#000000\">El anuncio del evangelio tiene tambi\u00e9n un car\u00e1cter social. Tiene que tocar nuestros v\u00ednculos, las estructuras que nos organizan como sociedad. El evangelio que llevamos es anuncio de paz y bendici\u00f3n. Es tambi\u00e9n denuncia prof\u00e9tica de todo aquello que atenta contra la dignidad de las personas. Y especialmente es buena nueva de liberaci\u00f3n para los alejados y marginados. No podemos olvidar que, el mismo Jes\u00fas, cuando comenz\u00f3 a hablar de su misi\u00f3n dijo: <em>\u201cEl Esp\u00edritu del Se\u00f1or est\u00e1 sobre m\u00ed, porque me ha consagrado con la unci\u00f3n. \u00c9l me envi\u00f3 a llevar la buena noticia a los pobres\u201d<\/em> (Lc 4,18).<\/font><\/p>\n<p align=\"justify\"><font color=\"#000000\">No caben dudas que la misi\u00f3n es un tema que nos viene acompa\u00f1ando desde los comienzos mismos de nuestra vida diocesana. De diferentes formas hemos intentado ser fieles a este mandato de Jes\u00fas. Pero hoy vivimos una hora especial y diferente. Tenemos que volver a salir, tenemos que ponernos nuevamente en camino para anunciar aquello que hemos visto y o\u00eddo (cf. 1 Jn 1,3). <\/font><\/p>\n<p><font color=\"#000000\"><u>Para orar y compartir: <\/u>\u00bfCu\u00e1les son los nuevos lugares para la misi\u00f3n en nuestra di\u00f3cesis, en nuestras zonas, en nuestras parroquias? \u00bfQu\u00e9 ambientes necesitan m\u00e1s de nuestra presencia, del anuncio de la Palabra y de nuestro testimonio? \u00bfCu\u00e1les son las \u201cperiferias existenciales\u201d de nuestra di\u00f3cesis? \u00bfCu\u00e1les son las prioridades que tenemos que atender?<\/font><\/p>\n<p>&nbsp;<\/p>\n<p><font color=\"#000000\"><strong style=\"font-size: 14px\">4.\u00a0\u00a0 \u00a0La alegr\u00eda de evangelizar<\/strong><\/font><\/p>\n<p align=\"justify\"><font color=\"#000000\"><img loading=\"lazy\" decoding=\"async\" src=\"https:\/\/fbcdn-sphotos-f-a.akamaihd.net\/hphotos-ak-ash3\/t1\/1948048_569229176506911_779843229_n.jpg\" border=\"0\" width=\"145\" height=\"207\" align=\"left\" \/>El final del texto que nos gu\u00eda en nuestra reflexi\u00f3n se\u00f1ala claramente cu\u00e1l es la verdadera recompensa de la misi\u00f3n:<em> \u201cal\u00e9grense m\u00e1s bien de que sus nombres est\u00e9n escritos en el cielo\u201d<\/em> (Lc 10,20).<\/font><\/p>\n<p align=\"justify\"><font color=\"#000000\">\u00bfD\u00f3nde radica la felicidad y el gozo del disc\u00edpulo misionero? En pertenecer a Jes\u00fas, en formar parte de su reino. En vivir la amistad y la comuni\u00f3n con su persona. El estar con \u00c9l. El caminar con \u00c9l, cargando nuestra cruz de cada d\u00eda, para participar de la vida del Resucitado. La alegr\u00eda del cristiano es, fundamentalmente, un alegr\u00eda que brota del misterio de la Pascua, renovada en cada Eucarist\u00eda.<\/font><\/p>\n<p><font color=\"#000000\"><u>Para orar y compartir:<\/u> tambi\u00e9n aqu\u00ed tenemos que preguntarnos: \u00bfQu\u00e9 nos mueve en nuestro compromiso pastoral? \u00bfEn qu\u00e9 cosas encontramos alegr\u00eda y gozo? \u00bfEn los frutos que cosechamos? \u00bfEn el prestigio de conservar por a\u00f1os un puesto o un lugar de privilegio, en el aplauso pasajero de algunos, en el \u201ccurriculum pastoral\u201d\u2026o en estar con Jes\u00fas y ser parte de su familia?.<\/font><\/p>\n<p><font color=\"#000000\">Estamos comenzando una nueva etapa. Una etapa que nos entusiasma, con la figura del Papa Francisco que nos invita a salir de nosotros mismos, de nuestros miedos, de nuestras comodidades y a encontrarnos con aquellos que esperan la alegr\u00eda de la buena noticia del Reino, y tambi\u00e9n con aquellos que han perdido la fe o les resulta totalmente indiferente. No perdamos esta oportunidad. Todos podemos ser misioneros. Los ni\u00f1os con peque\u00f1os gestos y acciones. Los ancianos y enfermos desde su lugar de reposo y, muchas veces, de sufrimiento. Los adultos desde su experiencia y su fe madura y comprometida. Los j\u00f3venes, sobre todo los j\u00f3venes, con su fuerza y su energ\u00eda. \u00a1No dejemos de gustar la dulce y confortable alegr\u00eda de evangelizar! \u00a1No perdamos esta oportunidad \u00fanica e irrepetible que el Se\u00f1or nos ofrece!.<\/font><br \/><font color=\"#000000\"><br \/><\/font><font color=\"#000000\"><br \/><strong><br \/><\/strong><\/font><\/p>\n<div align=\"right\" style=\"font-size: 12px\"><font color=\"#000000\"><strong style=\"font-size: 12px\">+ Mons. \u00c1ngel Jos\u00e9 Mac\u00edn<\/strong><\/font><br \/><font color=\"#000000\"><strong>Obispo de Reconquista<\/strong><\/font><\/div>\n","protected":false},"excerpt":{"rendered":"<div class=\"mh-excerpt\"><div align=\"center\">\u00a0<\/div>\n<div align=\"center\"><u><font color=\"#000000\"><strong style=\"font-family: Georgia,Times New Roman,Times,serif; font-size: 16px\">LLAMADO, DESPOJO Y ENV\u00cdO<\/strong><\/font><\/u><\/div>\n<div>\u00a0<\/p>\n<div style=\"text-align: center\"><img loading=\"lazy\" decoding=\"async\" src=\"https:\/\/fbcdn-sphotos-f-a.akamaihd.net\/hphotos-ak-frc3\/t1\/p206x206\/1477541_527877120642117_849803888_n.jpg\" border=\"0\" width=\"157\" height=\"241\" \/><\/div>\n<\/div>\n<div align=\"justify\">\u00a0<\/div>\n<div align=\"justify\"><font color=\"#000000\">En los inicios de mi ministerio pas<\/font><font color=\"#000000\">toral en la Di\u00f3cesis de Reconquista, quiero llegar a ustedes para invitarlos a ponernos, una vez m\u00e1s, a la escucha de la Palabra de Dios y disponernos a e<\/font><font color=\"#000000\">sta nueva etapa que nos toca recorrer juntos. Predisponernos a la escucha no se trata solo de una invitaci\u00f3n de tipo general. Es un pedido que intenta s<\/font><font color=\"#000000\">er m\u00e1s concreto y que consiste en asumir un pasaje b\u00edblico, leerlo y meditarlo en forma personal, reflexionarlo y orarlo en forma comunitaria, pa<\/font><font color=\"#000000\">ra<\/font><font color=\"#000000\"> que de la Palabra de Dios pueda penetrar en lo profundo de nuestro coraz\u00f3n y nuestras estructuras pastorales y pueda transformarlas desde dentro, encamin\u00e1ndonos a una decidida apertura misionera.<\/font><\/div>\n<div>\u00a0<\/p>\n<\/div>","protected":false},"author":1,"featured_media":0,"comment_status":"open","ping_status":"open","sticky":false,"template":"","format":"standard","meta":{"footnotes":""},"categories":[28],"tags":[],"class_list":["post-870","post","type-post","status-publish","format-standard","hentry","category-latest-news"],"_links":{"self":[{"href":"https:\/\/www.obispadorqta.org.ar\/v3\/wp-json\/wp\/v2\/posts\/870","targetHints":{"allow":["GET"]}}],"collection":[{"href":"https:\/\/www.obispadorqta.org.ar\/v3\/wp-json\/wp\/v2\/posts"}],"about":[{"href":"https:\/\/www.obispadorqta.org.ar\/v3\/wp-json\/wp\/v2\/types\/post"}],"author":[{"embeddable":true,"href":"https:\/\/www.obispadorqta.org.ar\/v3\/wp-json\/wp\/v2\/users\/1"}],"replies":[{"embeddable":true,"href":"https:\/\/www.obispadorqta.org.ar\/v3\/wp-json\/wp\/v2\/comments?post=870"}],"version-history":[{"count":0,"href":"https:\/\/www.obispadorqta.org.ar\/v3\/wp-json\/wp\/v2\/posts\/870\/revisions"}],"wp:attachment":[{"href":"https:\/\/www.obispadorqta.org.ar\/v3\/wp-json\/wp\/v2\/media?parent=870"}],"wp:term":[{"taxonomy":"category","embeddable":true,"href":"https:\/\/www.obispadorqta.org.ar\/v3\/wp-json\/wp\/v2\/categories?post=870"},{"taxonomy":"post_tag","embeddable":true,"href":"https:\/\/www.obispadorqta.org.ar\/v3\/wp-json\/wp\/v2\/tags?post=870"}],"curies":[{"name":"wp","href":"https:\/\/api.w.org\/{rel}","templated":true}]}}