{"id":871,"date":"2014-02-28T20:44:46","date_gmt":"2014-02-28T20:44:46","guid":{"rendered":"http:\/\/www.obispadorqta.org.ar\/v3\/vidareligiosa\/"},"modified":"2014-02-28T20:44:46","modified_gmt":"2014-02-28T20:44:46","slug":"vidareligiosa","status":"publish","type":"post","link":"https:\/\/www.obispadorqta.org.ar\/v3\/vidareligiosa\/","title":{"rendered":"Noticias de la Vida Religiosa"},"content":{"rendered":"<div>\n<div>\u00a0<\/div>\n<div><font color=\"#000000\">Los d\u00edas 25, 26 y 27 del corriente visit\u00f3 nuestra di\u00f3cesis la Superiora Provincial de las Pobres Siervas de la Divina Providencia, Hna. Marcia.<\/font><\/div>\n<div><font color=\"#000000\">La misma concluy\u00f3 con la misa celebrada por el Obispo Diocesano en la Comunidad de las hermanas.<\/font><\/div>\n<div><font color=\"#000000\">\u00a0<\/font><\/div>\n<div><font color=\"#000000\">Asimismo, d\u00edas atr\u00e1s tambi\u00e9n estuvieron en nuestra di\u00f3cesis una delegaci\u00f3n de las hermanas Misioneras Claretianas de Londrina, Brasil, con el objetivo de continuar con un proceso de discernimiento en vistas a una posible fundaci\u00f3n en nuestra di\u00f3cesis.<\/font><\/div>\n<\/div>\n<div><\/div>\n<div> <\/div>\n<div>\n<p style=\"text-align: justify\" class=\"MsoNormal\"><img loading=\"lazy\" decoding=\"async\" src=\"https:\/\/scontent-b-mia.xx.fbcdn.net\/hphotos-frc1\/t1\/1926859_570256073070888_189742032_n.jpg\" border=\"0\" width=\"500\" height=\"333\" \/><\/p>\n<p style=\"text-align: justify\" class=\"MsoNormal\"><img loading=\"lazy\" decoding=\"async\" src=\"https:\/\/fbcdn-sphotos-d-a.akamaihd.net\/hphotos-ak-frc3\/t1\/1795750_570256119737550_833354794_n.jpg\" border=\"0\" width=\"500\" height=\"333\" \/><\/p>\n<p style=\"text-align: justify\" class=\"MsoNormal\"><img loading=\"lazy\" decoding=\"async\" src=\"https:\/\/scontent-a-mia.xx.fbcdn.net\/hphotos-prn2\/t1\/1376569_570256033070892_201646219_n.jpg\" border=\"0\" width=\"500\" height=\"333\" \/>\u00a0<\/p>\n<\/div>\n","protected":false},"excerpt":{"rendered":"<div class=\"mh-excerpt\"><div>\n<div>\u00a0<\/div>\n<div><font color=\"#000000\">Los d\u00edas 25, 26 y 27 del corriente visit\u00f3 nuestra di\u00f3cesis la Superiora Provincial de las Pobres Siervas de la Divina Providencia, Hna. Marcia.<\/font><\/div>\n<div><font color=\"#000000\">La misma concluy\u00f3 con la misa celebrada por el Obispo Diocesano en la Comunidad de las hermanas.<\/font><\/div>\n<div><font color=\"#000000\">\u00a0<\/font><\/div>\n<div><font color=\"#000000\">Asimismo, d\u00edas atr\u00e1s tambi\u00e9n estuvieron en nuestra di\u00f3cesis una delegaci\u00f3n de las hermanas Misioneras Claretianas de Londrina, Brasil, con el objetivo de continuar con un proceso de discernimiento en vistas a una posible fundaci\u00f3n en nuestra di\u00f3cesis.<\/font><\/div>\n<\/div>\n<div><\/div>\n<div>\n<\/div>","protected":false},"author":1,"featured_media":0,"comment_status":"open","ping_status":"open","sticky":false,"template":"","format":"standard","meta":{"footnotes":""},"categories":[28],"tags":[],"class_list":["post-871","post","type-post","status-publish","format-standard","hentry","category-latest-news"],"_links":{"self":[{"href":"https:\/\/www.obispadorqta.org.ar\/v3\/wp-json\/wp\/v2\/posts\/871","targetHints":{"allow":["GET"]}}],"collection":[{"href":"https:\/\/www.obispadorqta.org.ar\/v3\/wp-json\/wp\/v2\/posts"}],"about":[{"href":"https:\/\/www.obispadorqta.org.ar\/v3\/wp-json\/wp\/v2\/types\/post"}],"author":[{"embeddable":true,"href":"https:\/\/www.obispadorqta.org.ar\/v3\/wp-json\/wp\/v2\/users\/1"}],"replies":[{"embeddable":true,"href":"https:\/\/www.obispadorqta.org.ar\/v3\/wp-json\/wp\/v2\/comments?post=871"}],"version-history":[{"count":0,"href":"https:\/\/www.obispadorqta.org.ar\/v3\/wp-json\/wp\/v2\/posts\/871\/revisions"}],"wp:attachment":[{"href":"https:\/\/www.obispadorqta.org.ar\/v3\/wp-json\/wp\/v2\/media?parent=871"}],"wp:term":[{"taxonomy":"category","embeddable":true,"href":"https:\/\/www.obispadorqta.org.ar\/v3\/wp-json\/wp\/v2\/categories?post=871"},{"taxonomy":"post_tag","embeddable":true,"href":"https:\/\/www.obispadorqta.org.ar\/v3\/wp-json\/wp\/v2\/tags?post=871"}],"curies":[{"name":"wp","href":"https:\/\/api.w.org\/{rel}","templated":true}]}}