{"id":872,"date":"2014-03-05T12:01:58","date_gmt":"2014-03-05T12:01:58","guid":{"rendered":"http:\/\/www.obispadorqta.org.ar\/v3\/inicio-de-actividades-del-seminario-interdiocesano-del-nea\/"},"modified":"2014-03-05T12:01:58","modified_gmt":"2014-03-05T12:01:58","slug":"inicio-de-actividades-del-seminario-interdiocesano-del-nea","status":"publish","type":"post","link":"https:\/\/www.obispadorqta.org.ar\/v3\/inicio-de-actividades-del-seminario-interdiocesano-del-nea\/","title":{"rendered":"Inicio de actividades del Seminario Interdiocesano del Nea"},"content":{"rendered":"<div align=\"justify\"><font color=\"#000000\"><\/p>\n<div style=\"text-align: center\"><img loading=\"lazy\" decoding=\"async\" src=\"https:\/\/fbcdn-sphotos-c-a.akamaihd.net\/hphotos-ak-frc3\/t1\/1779084_572239862872509_1615437923_n.jpg\" border=\"0\" width=\"379\" height=\"283\" \/><\/div>\n<p><\/font><\/div>\n<div align=\"justify\">\u00a0<\/div>\n<div align=\"justify\"><font color=\"#000000\">Tal como estaba programado, el lunes 3 de Marzo del corriente se celebr\u00f3 la misa de inicio de actividades del <strong>Seminario Interdiocesano \u00abLa Encarnaci\u00f3n\u00bb de Resistencia<\/strong>, presidida por <strong>Mons. Ram\u00f3n Alfredo Dus<\/strong>, Arzobispo de Resistencia, y concelebrada por <strong>Mons. Andr\u00e9s Stanovnik, <\/strong>Arzobispo de Corrientes, <strong>Mons. Ricardo Faifer<\/strong>, Obispo de Goya, <strong>Mons. Jos\u00e9 Vicente Conejero<\/strong>, Obispo de Formosa y <strong>Mons. \u00c1ngel Jos\u00e9 Mac\u00edn<\/strong>, Obispo de Reconquista. No pudo estar presente, aunque envi\u00f3 sus saludos <strong>Mons. Hugo Santiago<\/strong>, Obispo de Santo Tom\u00e9.<\/font> <\/div>\n<div align=\"justify\">\u00a0<\/div>\n<div align=\"justify\"><font color=\"#000000\">Ingresaron diez seminaristas en total. De nuestra di\u00f3cesis, iniciaron el camino formativo dos j\u00f3venes, Luciano Carneiro y Flavio Finoz, ambos de la Parroquia San Luis Gonzaga de Calchaqu\u00ed.<\/font><\/div>\n<div align=\"justify\">\u00a0<\/div>\n<div align=\"justify\"><font color=\"#000000\">En la celebraci\u00f3n tambi\u00e9n participaron un nutrido grupo de sacerdotes, religiosas y laicos, quienes acompa\u00f1aron con su oraci\u00f3n y su afecto a los ingresantes. En la misma, hicieron el juramento de fidelidad dos nuevos formadores: el P. Javier Romero, de la Arquidi\u00f3cesis de Corrientes y el P. Oscar C\u00e1ceres, de la Di\u00f3cesis de Formosa. <\/font><\/div>\n<div align=\"justify\"><font color=\"#000000\">Asimismo, en un momento muy emotivo, se agradeci\u00f3 el trabajo formativo del P. Jorge Duarte Paz y del P. Antonio Besil, quienes estuvieron varios a\u00f1os como formadores y ahora regresan a sus respectivas Iglesias Particulares para asumir nuevos servicios.<\/font><\/div>\n<div align=\"justify\">\u00a0<\/div>\n<div align=\"justify\"><font style=\"font-size: 12px\" color=\"#000000\">Oremos por el aumento y la perseverancia de las vocaciones sacerdotales!<\/font><\/div>\n<div align=\"justify\">\u00a0<\/div>\n<div align=\"justify\">\n<div style=\"text-align: center\"><img loading=\"lazy\" decoding=\"async\" src=\"https:\/\/scontent-a-mia.xx.fbcdn.net\/hphotos-prn2\/t1\/1798320_572237862872709_622818910_n.jpg\" border=\"0\" width=\"500\" height=\"375\" \/><\/div>\n<p><\/div>\n","protected":false},"excerpt":{"rendered":"<div class=\"mh-excerpt\"><div align=\"justify\"><font color=\"#000000\"><\/p>\n<div style=\"text-align: center\"><img loading=\"lazy\" decoding=\"async\" src=\"https:\/\/fbcdn-sphotos-c-a.akamaihd.net\/hphotos-ak-frc3\/t1\/1779084_572239862872509_1615437923_n.jpg\" border=\"0\" width=\"379\" height=\"283\" \/><\/div>\n<p><\/font><\/div>\n<div align=\"justify\">\u00a0<\/div>\n<div align=\"justify\"><font color=\"#000000\">Tal como estaba programado, el lunes 3 de Marzo del corriente se celebr\u00f3 la misa de inicio de actividades del <strong>Seminario Interdiocesano \u00abLa Encarnaci\u00f3n\u00bb de Resistencia<\/strong>, presidida por <strong>Mons. Ram\u00f3n Alfredo Dus<\/strong>, Arzobispo de Resistencia, y concelebrada por <strong>Mons. Andr\u00e9s Stanovnik, <\/strong>Arzobispo de Corrientes, <strong>Mons. Ricardo Faifer<\/strong>, Obispo de Goya, <strong>Mons. Jos\u00e9 Vicente Conejero<\/strong>, Obispo de Formosa y <strong>Mons. \u00c1ngel Jos\u00e9 Mac\u00edn<\/strong>, Obispo de Reconquista. No pudo estar presente, aunque envi\u00f3 sus saludos <strong>Mons. Hugo Santiago<\/strong>, Obispo de Santo Tom\u00e9.<\/font><\/p>\n<\/div>","protected":false},"author":1,"featured_media":0,"comment_status":"open","ping_status":"open","sticky":false,"template":"","format":"standard","meta":{"footnotes":""},"categories":[28],"tags":[],"class_list":["post-872","post","type-post","status-publish","format-standard","hentry","category-latest-news"],"_links":{"self":[{"href":"https:\/\/www.obispadorqta.org.ar\/v3\/wp-json\/wp\/v2\/posts\/872","targetHints":{"allow":["GET"]}}],"collection":[{"href":"https:\/\/www.obispadorqta.org.ar\/v3\/wp-json\/wp\/v2\/posts"}],"about":[{"href":"https:\/\/www.obispadorqta.org.ar\/v3\/wp-json\/wp\/v2\/types\/post"}],"author":[{"embeddable":true,"href":"https:\/\/www.obispadorqta.org.ar\/v3\/wp-json\/wp\/v2\/users\/1"}],"replies":[{"embeddable":true,"href":"https:\/\/www.obispadorqta.org.ar\/v3\/wp-json\/wp\/v2\/comments?post=872"}],"version-history":[{"count":0,"href":"https:\/\/www.obispadorqta.org.ar\/v3\/wp-json\/wp\/v2\/posts\/872\/revisions"}],"wp:attachment":[{"href":"https:\/\/www.obispadorqta.org.ar\/v3\/wp-json\/wp\/v2\/media?parent=872"}],"wp:term":[{"taxonomy":"category","embeddable":true,"href":"https:\/\/www.obispadorqta.org.ar\/v3\/wp-json\/wp\/v2\/categories?post=872"},{"taxonomy":"post_tag","embeddable":true,"href":"https:\/\/www.obispadorqta.org.ar\/v3\/wp-json\/wp\/v2\/tags?post=872"}],"curies":[{"name":"wp","href":"https:\/\/api.w.org\/{rel}","templated":true}]}}