{"id":874,"date":"2014-03-05T13:17:32","date_gmt":"2014-03-05T13:17:32","guid":{"rendered":"http:\/\/www.obispadorqta.org.ar\/v3\/miercoles-de-ceniza\/"},"modified":"2014-03-05T13:17:32","modified_gmt":"2014-03-05T13:17:32","slug":"miercoles-de-ceniza","status":"publish","type":"post","link":"https:\/\/www.obispadorqta.org.ar\/v3\/miercoles-de-ceniza\/","title":{"rendered":"Mi\u00e9rcoles de Ceniza: Inicio de la Cuaresma"},"content":{"rendered":"<div style=\"text-align: center\"><\/div>\n<div style=\"text-align: center\"><img loading=\"lazy\" decoding=\"async\" src=\"https:\/\/encrypted-tbn0.gstatic.com\/images?q=tbn:ANd9GcSJTq6tUb1OoKv0AZIivX5QAn-nT1qyvSLe56j0GPToZXSTWKwVQg\" border=\"0\" width=\"323\" height=\"156\" align=\"middle\" \/> <\/div>\n<div style=\"text-align: center\"> \u00a0<\/div>\n<div style=\"text-align: center\">\n<div>\n<div align=\"justify\"><font color=\"#000000\">Queridos hermanos: el tiempo de cuaresma comienza hoy con la bendici\u00f3n e imposici\u00f3n de las ceniza y tiene por finalidad preparnos para la celebraci\u00f3n de la Pascua del Se\u00f1or. La que nos acerca a Dios, con un gesto profundo de encuentro y compromiso en mi familia, en mi barrio, en mi comunidad parroquial, en mi escuela, en mi trabajo.<\/font><\/div>\n<div align=\"justify\">\u00a0<\/div>\n<div align=\"justify\"><font color=\"#000000\">Todos los cristianos estamos llamados a retomar la alianza bautismal y a crecer en la fidelidad a la Palabra de Dios con la cu\u00e1l el Se\u00f1or venci\u00f3 toda tentaci\u00f3n. El camino que propone la Iglesia, es el de la conversi\u00f3n y la penitencia.<\/font><\/div>\n<div align=\"justify\">\u00a0<\/div>\n<div align=\"justify\"><font color=\"#000000\">El Obispo diocesano en su carta pastoral nos invita a comenzar un itinerario de meditaci\u00f3n personal y comunitaria, por ello extendemos la invitacion a participar de la <strong>Misa, hoy 05 de marzo a las 20.15, en el templo de la Iglesia Catedral; la misma ser\u00e1 presidida por Mons. Mac\u00edn \u00c1ngel Jos\u00e9.<\/strong><\/font><\/div>\n<div align=\"justify\">\u00a0<\/div>\n<div align=\"justify\"><font color=\"#000000\">Con esp\u00edritu de comuni\u00f3n y alegr\u00eda los saludamos cordialmente.<\/font><\/div>\n<p><font color=\"#000000\"><br \/><\/font><\/p>\n<div align=\"right\"><font color=\"#000000\">Obispado de Reconquista<\/font><\/div>\n<\/div>\n<p>\u00a0<\/div>\n","protected":false},"excerpt":{"rendered":"<div class=\"mh-excerpt\"><div style=\"text-align: center\"><\/div>\n<div style=\"text-align: center\"><img loading=\"lazy\" decoding=\"async\" src=\"https:\/\/encrypted-tbn0.gstatic.com\/images?q=tbn:ANd9GcSJTq6tUb1OoKv0AZIivX5QAn-nT1qyvSLe56j0GPToZXSTWKwVQg\" border=\"0\" width=\"323\" height=\"156\" align=\"middle\" \/> <\/div>\n<div style=\"text-align: center\">\n<\/div>","protected":false},"author":1,"featured_media":0,"comment_status":"open","ping_status":"open","sticky":false,"template":"","format":"standard","meta":{"footnotes":""},"categories":[28],"tags":[],"class_list":["post-874","post","type-post","status-publish","format-standard","hentry","category-latest-news"],"_links":{"self":[{"href":"https:\/\/www.obispadorqta.org.ar\/v3\/wp-json\/wp\/v2\/posts\/874","targetHints":{"allow":["GET"]}}],"collection":[{"href":"https:\/\/www.obispadorqta.org.ar\/v3\/wp-json\/wp\/v2\/posts"}],"about":[{"href":"https:\/\/www.obispadorqta.org.ar\/v3\/wp-json\/wp\/v2\/types\/post"}],"author":[{"embeddable":true,"href":"https:\/\/www.obispadorqta.org.ar\/v3\/wp-json\/wp\/v2\/users\/1"}],"replies":[{"embeddable":true,"href":"https:\/\/www.obispadorqta.org.ar\/v3\/wp-json\/wp\/v2\/comments?post=874"}],"version-history":[{"count":0,"href":"https:\/\/www.obispadorqta.org.ar\/v3\/wp-json\/wp\/v2\/posts\/874\/revisions"}],"wp:attachment":[{"href":"https:\/\/www.obispadorqta.org.ar\/v3\/wp-json\/wp\/v2\/media?parent=874"}],"wp:term":[{"taxonomy":"category","embeddable":true,"href":"https:\/\/www.obispadorqta.org.ar\/v3\/wp-json\/wp\/v2\/categories?post=874"},{"taxonomy":"post_tag","embeddable":true,"href":"https:\/\/www.obispadorqta.org.ar\/v3\/wp-json\/wp\/v2\/tags?post=874"}],"curies":[{"name":"wp","href":"https:\/\/api.w.org\/{rel}","templated":true}]}}