{"id":876,"date":"2014-03-11T11:58:41","date_gmt":"2014-03-11T11:58:41","guid":{"rendered":"http:\/\/www.obispadorqta.org.ar\/v3\/dos-seminaristas-recibiran-el-ministerio-del-lectorado\/"},"modified":"2014-03-11T11:58:41","modified_gmt":"2014-03-11T11:58:41","slug":"dos-seminaristas-recibiran-el-ministerio-del-lectorado","status":"publish","type":"post","link":"https:\/\/www.obispadorqta.org.ar\/v3\/dos-seminaristas-recibiran-el-ministerio-del-lectorado\/","title":{"rendered":"Dos Seminaristas recibir\u00e1n el Ministerio del Lectorado"},"content":{"rendered":"<p style=\"margin-bottom: 0.0001pt; font-family: arial,sans-serif; font-size: 13px; text-align: justify\" class=\"MsoNormal\">&nbsp;<\/p>\n<div style=\"text-align: center\"><font color=\"#000000\"><img loading=\"lazy\" decoding=\"async\" src=\"https:\/\/scontent-b-atl.xx.fbcdn.net\/hphotos-frc3\/t1\/1932293_575071749255987_1644566732_n.jpg\" border=\"0\" width=\"339\" height=\"344\" \/><\/font><\/div>\n<div style=\"text-align: center\"><font color=\"#000000\">\u00a0 <\/font><\/div>\n<p><font color=\"#000000\">El Obispado de  Reconquista tiene la alegr\u00eda de invitar a la ceremonia donde el Obispo  de Reconquista,<strong> Mons. \u00c1ngel Jos\u00e9 Mac\u00edn<\/strong>, instituir\u00e1 en el\u00a0<strong>Ministerio del Lectorado<\/strong>\u00a0<strong>a los Seminaristas Nicol\u00e1s Ben\u00edtez y Luciano Molina.<\/strong><\/font><font color=\"#000000\">  <\/font><\/p>\n<p style=\"margin-bottom: 0.0001pt; font-family: arial,sans-serif; font-size: 13px; text-align: justify\" class=\"MsoNormal\">  <font color=\"#000000\"><span style=\"font-size: 10pt; font-family: Arial,sans-serif\">La misma tendr\u00e1 lugar el d\u00eda domingo 16 de marzo a las 20.00 hs. en la Parroquia \u201cSanta Ana\u201d de Florencia.-<\/span><\/font><\/p>\n<p style=\"margin-bottom: 0.0001pt; font-family: arial,sans-serif; font-size: 13px; text-align: justify\" class=\"MsoNormal\"><font color=\"#000000\"><span style=\"font-size: 10pt; font-family: Arial,sans-serif\">El  ministerio del lectorado habilita al instituido, de un modo permanente,  para proclamar las lecturas en las celebraciones lit\u00fargicas (menos el  Evangelio) y tambi\u00e9n colaborar en la catequesis de los ni\u00f1os y de los  adultos en vistas a la recepci\u00f3n de los sacramentos. Si bien se trata de  un ministerio denominado \u00ablaical\u00bb, ya que tambi\u00e9n pueden recibirlo  laicos preparados para tal fin, en el caso de Nicol\u00e1s y Luciano, el  ministerio es recibido en vistas a su ordenaci\u00f3n sacerdotal, lo cual  significa un acercamiento cordial a la Palabra y un mayor compromiso en  su preparaci\u00f3n para proclamarla con dignidad.<\/span><\/font><\/p>\n<p><font color=\"#000000\">  <\/font><\/p>\n<p style=\"margin-bottom: 0.0001pt; font-family: arial,sans-serif; font-size: 13px; text-align: justify\" class=\"MsoNormal\">  <font color=\"#000000\"><strong><u><span style=\"font-size: 10pt; font-family: Arial,sans-serif\">Datos de los Seminaristas<\/span><\/u><\/strong><\/font><\/p>\n<p style=\"margin-bottom: 0.0001pt; font-family: arial,sans-serif; font-size: 13px; text-align: justify\" class=\"MsoNormal\">  <font color=\"#000000\"><strong><span style=\"font-size: 10pt; font-family: Arial,sans-serif\">Nicol\u00e1s Ben\u00edtez:<\/span><\/strong><span style=\"font-size: 10pt; font-family: Arial,sans-serif\">\u00a0Naci\u00f3  el 30 de mayo de 1985. Pertenece a la Parroquia \u201cInmaculada Concepci\u00f3n\u201d  de Reconquista. Se encuentra cursando el Tercer a\u00f1o de Teolog\u00eda en el  Seminario<\/span><span style=\"font-size: 10pt; font-family: Arial,sans-serif\"> Interdiocesano \u00abLa Encarnaci\u00f3n\u00bb de Resistencia.<\/span><\/font>  <\/p>\n<p style=\"margin-bottom: 0.0001pt; font-family: arial,sans-serif; font-size: 13px; text-align: justify\" class=\"MsoNormal\">  <font color=\"#000000\"><strong><span style=\"font-size: 10pt; font-family: Arial,sans-serif\">Luciano Molina:<\/span><\/strong><span style=\"font-size: 10pt; font-family: Arial,sans-serif\">\u00a0Naci\u00f3  el 18 de febrero de 1987.\u00a0 Pertenece a la Parroquia \u201cInmaculada  Concepci\u00f3n\u201d de Reconquista. Se encuentra cursando el Cuarto a\u00f1o de  Teolog\u00eda en el Seminario Interdiocesano \u00abLa Encarnaci\u00f3n\u00bb de Resistencia.<\/span><\/font><\/p>\n","protected":false},"excerpt":{"rendered":"<div class=\"mh-excerpt\"><p style=\"margin-bottom: 0.0001pt; font-family: arial,sans-serif; font-size: 13px; text-align: justify\" class=\"MsoNormal\">&nbsp;<\/p>\n<div style=\"text-align: center\"><font color=\"#000000\"><img loading=\"lazy\" decoding=\"async\" src=\"https:\/\/scontent-b-atl.xx.fbcdn.net\/hphotos-frc3\/t1\/1932293_575071749255987_1644566732_n.jpg\" border=\"0\" width=\"339\" height=\"344\" \/><\/font><\/div>\n<div style=\"text-align: center\"><font color=\"#000000\">\u00a0<\/p>\n<\/div>","protected":false},"author":1,"featured_media":0,"comment_status":"open","ping_status":"open","sticky":false,"template":"","format":"standard","meta":{"footnotes":""},"categories":[28],"tags":[],"class_list":["post-876","post","type-post","status-publish","format-standard","hentry","category-latest-news"],"_links":{"self":[{"href":"https:\/\/www.obispadorqta.org.ar\/v3\/wp-json\/wp\/v2\/posts\/876","targetHints":{"allow":["GET"]}}],"collection":[{"href":"https:\/\/www.obispadorqta.org.ar\/v3\/wp-json\/wp\/v2\/posts"}],"about":[{"href":"https:\/\/www.obispadorqta.org.ar\/v3\/wp-json\/wp\/v2\/types\/post"}],"author":[{"embeddable":true,"href":"https:\/\/www.obispadorqta.org.ar\/v3\/wp-json\/wp\/v2\/users\/1"}],"replies":[{"embeddable":true,"href":"https:\/\/www.obispadorqta.org.ar\/v3\/wp-json\/wp\/v2\/comments?post=876"}],"version-history":[{"count":0,"href":"https:\/\/www.obispadorqta.org.ar\/v3\/wp-json\/wp\/v2\/posts\/876\/revisions"}],"wp:attachment":[{"href":"https:\/\/www.obispadorqta.org.ar\/v3\/wp-json\/wp\/v2\/media?parent=876"}],"wp:term":[{"taxonomy":"category","embeddable":true,"href":"https:\/\/www.obispadorqta.org.ar\/v3\/wp-json\/wp\/v2\/categories?post=876"},{"taxonomy":"post_tag","embeddable":true,"href":"https:\/\/www.obispadorqta.org.ar\/v3\/wp-json\/wp\/v2\/tags?post=876"}],"curies":[{"name":"wp","href":"https:\/\/api.w.org\/{rel}","templated":true}]}}