{"id":879,"date":"2014-03-14T12:05:14","date_gmt":"2014-03-14T12:05:14","guid":{"rendered":"http:\/\/www.obispadorqta.org.ar\/v3\/colecta-cuaresmal-del-1\/"},"modified":"2014-03-14T12:05:14","modified_gmt":"2014-03-14T12:05:14","slug":"colecta-cuaresmal-del-1","status":"publish","type":"post","link":"https:\/\/www.obispadorqta.org.ar\/v3\/colecta-cuaresmal-del-1\/","title":{"rendered":"Colecta del 1% Cuaresmal Diocesana"},"content":{"rendered":"<div style=\"text-align: center\"><img loading=\"lazy\" decoding=\"async\" src=\"https:\/\/scontent-b-mia.xx.fbcdn.net\/hphotos-frc3\/v\/t1\/10004053_294697197347812_1173970370_n.jpg?oh=8b92da6ba4a0092ceb0880b035f5a168&#038;oe=53A4C0C2\" border=\"0\" width=\"200\" height=\"287\" \/><\/div>\n<div style=\"text-align: center\"> <\/div>\n<div align=\"justify\" style=\"font-family: Arial,Helvetica,sans-serif; font-size: 10px; font-style: normal; line-height: normal\"><font color=\"#000000\">Este fin de semana, <strong>15 y 16 de marzo<\/strong>, la Di\u00f3cesis de Reconquista llevar\u00e1 a cabo la <strong>Colecta Anual Cuaresmal Solidaria del 1 % de Nuestros Ingresos.-<\/strong><\/font><\/div>\n<div align=\"justify\" style=\"font-family: Arial,Helvetica,sans-serif; font-size: 10px; font-style: normal; line-height: normal\">\u00a0<\/div>\n<div align=\"justify\" style=\"font-size: 10px; font-style: normal; line-height: normal\"><font color=\"#000000\">Se realizar\u00e1 en todas las parroquias y capillas de la Di\u00f3cesis bajo el lema <em>\u201cConstruyamos la cultura de la solidaridad\u201d. <\/em>Tanto el Papa\u00a0 Francisco como nuestro Obispo \u00c1ngel Jos\u00e9 est\u00e1n insistiendo que el mejor ayuno es la pr\u00e1ctica de la bondad y de la solidaridad con pobres y sufrientes.<\/font><\/div>\n<div align=\"justify\" style=\"font-size: 10px; font-style: normal; line-height: normal\">\u00a0<\/div>\n<div align=\"justify\" style=\"font-family: Arial,Helvetica,sans-serif; font-size: 10px; line-height: normal\"><font color=\"#000000\">Cabe destacar que el a\u00f1o pasado la recaudaci\u00f3n fue de 176.000 mil pesos.<\/font><\/div>\n<div align=\"justify\" style=\"font-family: Arial,Helvetica,sans-serif; font-size: 10px; line-height: normal\">\u00a0<\/div>\n<div align=\"justify\" style=\"font-family: Arial,Helvetica,sans-serif; font-size: 10px; font-style: normal; line-height: normal\"><font color=\"#000000\">El 1% es simb\u00f3lico, quiere significar que <strong>si cada persona colabora con un poco se puede lograr mucho, cada persona aporta seg\u00fan su consideraci\u00f3n.<\/strong><\/font><\/div>\n<div align=\"justify\" style=\"font-family: Arial,Helvetica,sans-serif; font-size: 10px; font-style: normal; line-height: normal\">\u00a0<\/div>\n<div align=\"justify\" style=\"font-family: Arial,Helvetica,sans-serif; font-size: 10px; font-style: normal; line-height: normal\"><font color=\"#000000\">Con lo recolectado el a\u00f1o pasado, Caritas Diocesanas pudo acompa\u00f1ar econ\u00f3micamente a 377 personas en proyectos de mejoramiento de la salud, de autoconsumo, tambi\u00e9n proyectos de panificaci\u00f3n y mejoramiento de viviendas entre otros.<\/font><\/div>\n<div align=\"justify\" style=\"font-family: Arial,Helvetica,sans-serif; font-size: 10px; font-style: normal; line-height: normal\">\u00a0<\/div>\n<div align=\"justify\" style=\"font-family: Arial,Helvetica,sans-serif; font-size: 10px; font-style: normal; line-height: normal\"><font color=\"#000000\">Sabemos que a muchas familias les lleg\u00f3 un sobre para depositar la ayuda en dinero efectivo, sin embargo, en muchos lugares ese sobre no llegar\u00e1, por lo tanto, la donaci\u00f3n hay que realizarla en cada parroquia con los responsables parroquiales.<\/font><\/div>\n<div align=\"justify\" style=\"font-family: Arial,Helvetica,sans-serif; font-size: 10px; font-style: normal; line-height: normal\">\u00a0<\/div>\n<div align=\"justify\" style=\"font-family: Arial,Helvetica,sans-serif; font-size: 10px; font-style: normal; line-height: normal\">La iniciativa solidaria se realiza en Cuaresma porque es<em> \u201cun tiempo de reflexi\u00f3n, de mirarnos, de ver la realidad, de cuestionarnos la responsabilidad que tememos por acci\u00f3n o inacci\u00f3n. Pero tambi\u00e9n un tiempo de esperanza y certeza, quiere significar que si cada uno aportamos un poco vamos a lograr mucho\u201d.\u00a0 <\/em><\/div>\n","protected":false},"excerpt":{"rendered":"<div class=\"mh-excerpt\"><div style=\"text-align: center\"><img loading=\"lazy\" decoding=\"async\" src=\"https:\/\/scontent-b-mia.xx.fbcdn.net\/hphotos-frc3\/v\/t1\/10004053_294697197347812_1173970370_n.jpg?oh=8b92da6ba4a0092ceb0880b035f5a168&#038;oe=53A4C0C2\" border=\"0\" width=\"200\" height=\"287\" \/><\/div>\n<div style=\"text-align: center\">\n<\/div>","protected":false},"author":1,"featured_media":0,"comment_status":"open","ping_status":"open","sticky":false,"template":"","format":"standard","meta":{"footnotes":""},"categories":[28],"tags":[],"class_list":["post-879","post","type-post","status-publish","format-standard","hentry","category-latest-news"],"_links":{"self":[{"href":"https:\/\/www.obispadorqta.org.ar\/v3\/wp-json\/wp\/v2\/posts\/879","targetHints":{"allow":["GET"]}}],"collection":[{"href":"https:\/\/www.obispadorqta.org.ar\/v3\/wp-json\/wp\/v2\/posts"}],"about":[{"href":"https:\/\/www.obispadorqta.org.ar\/v3\/wp-json\/wp\/v2\/types\/post"}],"author":[{"embeddable":true,"href":"https:\/\/www.obispadorqta.org.ar\/v3\/wp-json\/wp\/v2\/users\/1"}],"replies":[{"embeddable":true,"href":"https:\/\/www.obispadorqta.org.ar\/v3\/wp-json\/wp\/v2\/comments?post=879"}],"version-history":[{"count":0,"href":"https:\/\/www.obispadorqta.org.ar\/v3\/wp-json\/wp\/v2\/posts\/879\/revisions"}],"wp:attachment":[{"href":"https:\/\/www.obispadorqta.org.ar\/v3\/wp-json\/wp\/v2\/media?parent=879"}],"wp:term":[{"taxonomy":"category","embeddable":true,"href":"https:\/\/www.obispadorqta.org.ar\/v3\/wp-json\/wp\/v2\/categories?post=879"},{"taxonomy":"post_tag","embeddable":true,"href":"https:\/\/www.obispadorqta.org.ar\/v3\/wp-json\/wp\/v2\/tags?post=879"}],"curies":[{"name":"wp","href":"https:\/\/api.w.org\/{rel}","templated":true}]}}