{"id":884,"date":"2014-04-03T14:54:02","date_gmt":"2014-04-03T14:54:02","guid":{"rendered":"http:\/\/www.obispadorqta.org.ar\/v3\/ordenacion-al-diaconado-permanente\/"},"modified":"2014-04-03T14:54:02","modified_gmt":"2014-04-03T14:54:02","slug":"ordenacion-al-diaconado-permanente","status":"publish","type":"post","link":"https:\/\/www.obispadorqta.org.ar\/v3\/ordenacion-al-diaconado-permanente\/","title":{"rendered":"Ordenaciones al Diaconado Permanente"},"content":{"rendered":"<div align=\"justify\">\u00a0<\/div>\n<div align=\"justify\"><font color=\"#000000\"><strong>El Obispado de Reconquista y el Instituto San Jer\u00f3nimo para la Formaci\u00f3n del Diaconado Permanente tienen la alegr\u00eda de anunciar a toda la comunidad diocesana la progresiva Ordenaci\u00f3n al Diaconado Permanente del grupo que se viene preparando desde hace unos a\u00f1os. Tres de ellos ser\u00e1n ordenados inmediatamente despu\u00e9s de la Pascua, seg\u00fan los datos que comunicamos en este art\u00edculo. Otros tres candidatos ser\u00e1n ordenados en los pr\u00f3ximos meses. En su momento daremos a conocer los detalles de las mismas.<\/strong><br \/><\/font> <\/div>\n<div align=\"justify\">\u00a0<\/div>\n<p><font color=\"#000000\"><u><strong>ACERCA DEL MINISTERIO DEL\u00a0<\/strong><\/u><strong><u>DIACONADO<\/u><\/strong><\/p>\n<p><\/font><\/p>\n<div align=\"justify\"><font color=\"#000000\">El Di\u00e1cono Permanente lleva en s\u00ed mismo los tres rasgos espec\u00edficos del ministerio ordenado: ense\u00f1ar, santificar y conducir, y la principal caracter\u00edstica de su espiritualidad es la del servicio. Ejercen el servicio del pueblo de Dios en los tres \u00e1mbitos fundamentales de la acci\u00f3n de la Iglesia: la palabra, la liturgia y la caridad.<\/p>\n<p>As\u00ed, el di\u00e1cono, es llamado a proclamar el Evangelio y a predicar la Palabra e instruir al pueblo de Dios a trav\u00e9s de la homil\u00eda, la catequesis y en los diversos espacios de transmisi\u00f3n de la Palabra.<br \/><\/font><font color=\"#000000\"><br \/>En el \u00e1mbito lit\u00fargico y sacramental, el di\u00e1cono, en virtud de la ordenaci\u00f3n, participa en la acci\u00f3n santificadora del pueblo de Dios. Por eso puede presidir la celebraci\u00f3n de algunos sacramentos como ser bautismo y matrimonio y de los ritos exequiales, la Liturgia de las Horas y la oraci\u00f3n de los fieles; bendice personas y cosas y, sobre todo, asiste al obispo y al presb\u00edtero en la celebraci\u00f3n de la Eucarist\u00eda. En las Misas proclama el Evangelio, puede predicar la homil\u00eda en los casos que fuera conveniente y distribuir la Comuni\u00f3n.<\/p>\n<p>Adem\u00e1s, y de manera preeminente, el di\u00e1cono es llamado a ser testigo del amor de Cristo reproduciendo en \u00e9l la acci\u00f3n misericordiosa del Se\u00f1or, que vino a servir y a dar la vida por los hombres. Por eso sirve en la mesa de los pobres como una prolongaci\u00f3n de su ministerio en la mesa eucar\u00edstica. En este amor preferencial por los pobres y desvalidos, el di\u00e1cono participa tambi\u00e9n de la labor de gu\u00eda en alguna comunidad encomendada.<br \/><\/font><\/div>\n<p><font color=\"#000000\"><br \/><\/font><\/p>\n<div align=\"justify\"><font color=\"#000000\"><u><strong>LOS CANDIDATOS<\/strong><\/u><\/p>\n<p><u><strong>Spont\u00f3n, Eudides Savier<\/strong><\/u><br \/>Pertenece a la Parroquia \u201cNuestra Se\u00f1ora del Huerto\u201d de Malabrigo. <br \/>Recibir\u00e1 el Ministerio del Diaconado Permanente en la <strong>Misa del d\u00eda 20 de Abril a las 19 hs. en la Parroquia de Malabrigo.<\/strong><\/p>\n<p><u><strong>Gallard, Jorge Juli\u00e1n<\/strong><\/u><br \/>Pertenece a la Parroquia \u201cSan Roque\u201d de Reconquista.<br \/>Recibir\u00e1 el Ministerio del Diaconado Permanente en la <strong>Misa del d\u00eda 25 de Abril a las 20.30 hs. en la Parroquia \u201cSan Roque\u201d de Reconquista.<br \/><\/strong><br \/><u><strong>Gonz\u00e1lez, Horacio Cesar <\/strong><\/u><br \/>Pertenece a la Parroquia \u201cSan Juan Bautista\u201d de Vera.<br \/>Recibir\u00e1 el Ministerio del Diaconado Permanente en la <strong>Misa del d\u00eda 27 de Abril a las 19.00 hs. en la Parroquia de Vera.<\/strong><br \/><\/font><\/div>\n","protected":false},"excerpt":{"rendered":"<div class=\"mh-excerpt\"><div align=\"justify\">\u00a0<\/div>\n<div align=\"justify\"><font color=\"#000000\"><strong>El Obispado de Reconquista y el Instituto San Jer\u00f3nimo para la Formaci\u00f3n del Diaconado Permanente tienen la alegr\u00eda de anunciar a toda la comunidad diocesana la progresiva Ordenaci\u00f3n al Diaconado Permanente del grupo que se viene preparando desde hace unos a\u00f1os. Tres de ellos ser\u00e1n ordenados inmediatamente despu\u00e9s de la Pascua, seg\u00fan los datos que comunicamos en este art\u00edculo. Otros tres candidatos ser\u00e1n ordenados en los pr\u00f3ximos meses. En su momento daremos a conocer los detalles de las mismas.<\/strong><br \/><\/font><\/p>\n<\/div>","protected":false},"author":1,"featured_media":0,"comment_status":"open","ping_status":"open","sticky":false,"template":"","format":"standard","meta":{"footnotes":""},"categories":[28],"tags":[],"class_list":["post-884","post","type-post","status-publish","format-standard","hentry","category-latest-news"],"_links":{"self":[{"href":"https:\/\/www.obispadorqta.org.ar\/v3\/wp-json\/wp\/v2\/posts\/884","targetHints":{"allow":["GET"]}}],"collection":[{"href":"https:\/\/www.obispadorqta.org.ar\/v3\/wp-json\/wp\/v2\/posts"}],"about":[{"href":"https:\/\/www.obispadorqta.org.ar\/v3\/wp-json\/wp\/v2\/types\/post"}],"author":[{"embeddable":true,"href":"https:\/\/www.obispadorqta.org.ar\/v3\/wp-json\/wp\/v2\/users\/1"}],"replies":[{"embeddable":true,"href":"https:\/\/www.obispadorqta.org.ar\/v3\/wp-json\/wp\/v2\/comments?post=884"}],"version-history":[{"count":0,"href":"https:\/\/www.obispadorqta.org.ar\/v3\/wp-json\/wp\/v2\/posts\/884\/revisions"}],"wp:attachment":[{"href":"https:\/\/www.obispadorqta.org.ar\/v3\/wp-json\/wp\/v2\/media?parent=884"}],"wp:term":[{"taxonomy":"category","embeddable":true,"href":"https:\/\/www.obispadorqta.org.ar\/v3\/wp-json\/wp\/v2\/categories?post=884"},{"taxonomy":"post_tag","embeddable":true,"href":"https:\/\/www.obispadorqta.org.ar\/v3\/wp-json\/wp\/v2\/tags?post=884"}],"curies":[{"name":"wp","href":"https:\/\/api.w.org\/{rel}","templated":true}]}}