{"id":887,"date":"2014-04-08T11:53:07","date_gmt":"2014-04-08T11:53:07","guid":{"rendered":"http:\/\/www.obispadorqta.org.ar\/v3\/nombramientos-y-nuevos-destinos-pastorales\/"},"modified":"2014-04-08T11:53:07","modified_gmt":"2014-04-08T11:53:07","slug":"nombramientos-y-nuevos-destinos-pastorales","status":"publish","type":"post","link":"https:\/\/www.obispadorqta.org.ar\/v3\/nombramientos-y-nuevos-destinos-pastorales\/","title":{"rendered":"Nombramientos y Nuevos Destinos Pastorales"},"content":{"rendered":"<div align=\"justify\">\u00a0<\/div>\n<div align=\"justify\"><font color=\"#000000\">Ya cercanos a celebrar la Pascua, momento de renovaci\u00f3n profunda de nuestra vida personal y comunitaria, teniendo en cuenta diversas situaciones, tales como el regreso de algunos sacerdotes a la di\u00f3cesis, la creaci\u00f3n de una nueva parroquia en la zona sur de Reconquista, la progresiva ordenaci\u00f3n de los candidatos al diaconado permanente, la llegada de dos seminaristas que en un futuro no lejano ser\u00e1n ordenados di\u00e1conos y despu\u00e9s sacerdotes, la necesidad de revitalizar ciertas \u00e1reas, como por ejemplo, la Pastoral Vocacional y la Pastoral Social Org\u00e1nica, entre otras, y despu\u00e9s de haber conversado extensamente con los sacerdotes e invocado las luces del Esp\u00edritu Santo, en pleno uso de mis facultades episcopales he decidido los siguientes nombramientos:<br \/><\/font> <\/div>\n<p><\/p>\n<div align=\"justify\"><font color=\"#000000\"><strong>Pbro. Silvio Orlando Fabbro<\/strong>, P\u00e1rroco de la Parroquia Ntra. Sra. de la Merced de Avellaneda y Asesor de la Pastoral Vocacional Diocesana. Continuar\u00e1 como asesor de la Renovaci\u00f3n Carism\u00e1tica.<\/font><\/div>\n<div align=\"justify\">\u00a0<\/div>\n<div align=\"justify\"><font color=\"#000000\"><strong>Pbro. Lic. Jorge Duarte Paz,<\/strong> P\u00e1rroco de la Parroquia San Roque de Reconquista, Asesor de la Pastoral Familiar Diocesana y Asesor de la Pastoral Universitaria.<\/font><\/div>\n<div align=\"justify\">\u00a0<\/div>\n<div align=\"justify\"><font color=\"#000000\"><strong>Pbro. Lic. Rolando Danilo Gonz\u00e1lez<\/strong>, P\u00e1rroco de la Parroquia San Juan Bautista de Vera. Seguir\u00e1 al frente del Instituto de Formaci\u00f3n Juan Pablo II.<\/font><\/div>\n<div align=\"justify\">\u00a0<\/div>\n<div align=\"justify\"><font color=\"#000000\"><strong>Pbro. Lic. Walter Guido V\u00e9nica<\/strong>, P\u00e1rroco de la Parroquia San Luis Gonzaga de Calchaqu\u00ed y Director Diocesano de Catequesis.<\/font><\/div>\n<div align=\"justify\">\u00a0<\/div>\n<div align=\"justify\"><font color=\"#000000\"><strong>Pbro. Carlos Isidoro Silvestri<\/strong>, P\u00e1rroco de la Parroquia Santa Catalina de Alejandr\u00eda de Alejandra.<\/font><\/div>\n<div align=\"justify\">\u00a0<\/div>\n<div align=\"justify\"><font color=\"#000000\"><strong>Pbro. Javier Ubaldo Pividor<\/strong>i, P\u00e1rroco de la Parroquia Sagrado Coraz\u00f3n de Jes\u00fas de Villa Guillermina, Asesor del Movimiento de Mensaje y de la Comisi\u00f3n Diocesana de Justicia y Paz.<\/font><\/div>\n<div align=\"justify\">\u00a0<\/div>\n<div align=\"justify\"><font color=\"#000000\"><strong>Pbro. Lic. Eduardo Fabi\u00e1n Ramos<\/strong>, P\u00e1rroco de la Parroquia La Encarnaci\u00f3n de La Sarita y Animador de la Vida Espiritual Diocesana. El P. Fabi\u00e1n Ramos seguir\u00e1 colaborando en la atenci\u00f3n espiritual de la Catedral de Reconquista.<\/font><\/div>\n<div align=\"justify\">\u00a0<\/div>\n<div align=\"justify\"><font color=\"#000000\"><strong>Pbro. Rub\u00e9n Dar\u00edo Pagura,<\/strong> primer P\u00e1rroco de la Nueva Parroquia a erigirse en la zona sur de la ciudad de Reconquista.<\/font><\/div>\n<div align=\"justify\">\u00a0<\/div>\n<div align=\"justify\"><font color=\"#000000\"><strong>Pbro. Sebasti\u00e1n Splawinski<\/strong>, Vicario Parroquial de la Parroquia San Juan Bautista de Vera y Asesor de la Pastoral Carcelaria Diocesana.<\/font><\/div>\n<div align=\"justify\">\u00a0<\/div>\n<div align=\"justify\"><font color=\"#000000\"><strong>Pbro. Roberto Carlos P\u00e9rez,<\/strong> Vicario Parroquial de la Parroquia San Roque, Delegado Episcopal del Equipo de Liturgia y Asesor del Equipo Diocesano para el Ecumenismo y el Di\u00e1logo Interreligioso.<\/font><\/div>\n<div align=\"justify\">\u00a0<\/div>\n<div align=\"justify\"><font color=\"#000000\"><strong>Pbro. Efr\u00e9n Mario Agretti,<\/strong> Vicario Parroquial de la Parroquia Mar\u00eda Madre de Dios. Seguir\u00e1 en su oficio de Ec\u00f3nomo Diocesano y continuar\u00e1 residiendo en el Obispado.<\/font><\/div>\n<div align=\"justify\">\u00a0<\/div>\n<div align=\"justify\"><font color=\"#000000\"><strong>Pbro. N\u00e9stor Ren\u00e9 Vera,<\/strong> Vicario Parroquial de la Parroquia Ntra. Sra. de la Merced de Avellaneda y Delegado Episcopal para la Pastoral de las Adicciones.<\/font><\/div>\n<div align=\"justify\">\u00a0<\/div>\n<div align=\"justify\"><font color=\"#000000\"><strong>Pbro. Lic. Rub\u00e9n Abel Taibo<\/strong>, se ausentar\u00e1 de la di\u00f3cesis y pasar\u00e1 a residir en Roma, por el tiempo que sea necesario, para completar sus estudios en Teolog\u00eda Dogm\u00e1tica.<\/font><\/div>\n<div align=\"justify\">\u00a0<\/div>\n<div align=\"justify\"><font color=\"#000000\"><strong>Pbro. Armando Domingo Faccioli,<\/strong> Colaborador para la Vicar\u00eda Mar\u00eda Goretti de Arroyo Ceibal, perteneciente a la Parroquia Inmaculada Concepci\u00f3n de Villa Ocampo.<\/font><\/div>\n<div align=\"justify\">\u00a0<\/div>\n<div align=\"justify\"><font color=\"#000000\"><strong>Seminarista Germ\u00e1n Ariel Acevedo,<\/strong> ser\u00e1 destinado a la Parroquia Inmaculada Concepci\u00f3n de Villa Ocampo. Adem\u00e1s, ser\u00e1 Asesor de la Pastoral B\u00edblica Diocesana.<\/font><\/div>\n<div align=\"justify\">\u00a0<\/div>\n<div align=\"justify\"><font color=\"#000000\"><strong>Seminarista Luciano Sebasti\u00e1n Molina,<\/strong> ser\u00e1 destinado a la Parroquia Mar\u00eda Madre. Ser\u00e1 tambi\u00e9n Asesor del Movimiento Diocesano de Mall\u00edn y Miembro del Equipo de la Pastoral Vocacional.<\/font><\/p>\n<p><font color=\"#000000\">El destino de los futuros di\u00e1conos permanentes se dar\u00e1 a conocer el d\u00eda de su ordenaci\u00f3n diaconal. Algunas asesor\u00edas vacantes ser\u00e1n cubiertas y anunciadas en los pr\u00f3ximos meses.<\/font><\/div>\n<div align=\"justify\">\u00a0<\/div>\n<div align=\"justify\"><font color=\"#000000\">La toma de posesi\u00f3n de los nuevos p\u00e1rrocos y vicarios se dar\u00e1 en las semanas siguientes a la Pascua, de un modo progresivo, de acuerdo a las posibilidades de las comunidades y de los mismos sacerdotes y seminaristas.<\/font><\/div>\n<div align=\"justify\">\u00a0<\/div>\n<div align=\"justify\"><font color=\"#000000\">Agradezco a todos los sacerdotes por su apertura al di\u00e1logo y al discernimiento de estos nombramientos y su disponibilidad para aceptar el mandato de la Iglesia, expresi\u00f3n de su comuni\u00f3n y corresponsabilidad con el Obispo Diocesano.<\/font><\/div>\n<div align=\"justify\">\u00a0<\/div>\n<div>\n<div align=\"justify\"><font color=\"#000000\">Por \u00faltimo, invito a todos los fieles cristianos a vivir con aut\u00e9ntico esp\u00edritu pascual este momento de renovaci\u00f3n de nuestras comunidades parroquiales y nuestras estructuras diocesanas y a asumir una actitud de despojo y desprendimiento, en vistas a una mejor distribuci\u00f3n de la atenci\u00f3n sacerdotal de la di\u00f3cesis. Asimismo, exhorto de un modo especial a los religiosos y religiosas a aportar alegremente su carisma en las comunidades parroquiales y en los diferentes organismos diocesanos, y muy especialmente a los laicos a asumir el rol que les cabe en la colaboraci\u00f3n con el trabajo pastoral de los sacerdotes y los di\u00e1conos y en su misi\u00f3n espec\u00edfica de transformar el mundo de acuerdo a los valores del Reino de Dios.<\/font><\/p>\n<\/div>\n<div align=\"right\"><font color=\"#000000\">\u00a0\u00a0\u00a0\u00a0\u00a0\u00a0\u00a0\u00a0\u00a0\u00a0\u00a0\u00a0\u00a0\u00a0\u00a0\u00a0\u00a0\u00a0\u00a0\u00a0\u00a0\u00a0\u00a0\u00a0\u00a0\u00a0\u00a0\u00a0\u00a0\u00a0\u00a0\u00a0\u00a0\u00a0\u00a0\u00a0\u00a0\u00a0\u00a0\u00a0\u00a0\u00a0 Sede Episcopal de Reconquista, 8 de Abril de 2014<\/font><\/div>\n<div align=\"justify\">\n<div align=\"right\"><strong><font color=\"#000000\">+ Mons. \u00c1ngel Jos\u00e9 Mac\u00edn<\/font><\/strong><\/div>\n<\/div>\n<div align=\"right\"><font color=\"#000000\">Obispo de Reconquista<\/font><\/div>\n<\/div>\n","protected":false},"excerpt":{"rendered":"<div class=\"mh-excerpt\"><div align=\"justify\">\u00a0<\/div>\n<div align=\"justify\"><font color=\"#000000\">Ya cercanos a celebrar la Pascua, momento de renovaci\u00f3n profunda de nuestra vida personal y comunitaria, teniendo en cuenta diversas situaciones, tales como el regreso de algunos sacerdotes a la di\u00f3cesis, la creaci\u00f3n de una nueva parroquia en la zona sur de Reconquista, la progresiva ordenaci\u00f3n de los candidatos al diaconado permanente, la llegada de dos seminaristas que en un futuro no lejano ser\u00e1n ordenados di\u00e1conos y despu\u00e9s sacerdotes, la necesidad de revitalizar ciertas \u00e1reas, como por ejemplo, la Pastoral Vocacional y la Pastoral Social Org\u00e1nica, entre otras, y despu\u00e9s de haber conversado extensamente con los sacerdotes e invocado las luces del Esp\u00edritu Santo, en pleno uso de mis facultades episcopales he decidido los siguientes nombramientos:<br \/><\/font><\/p>\n<\/div>","protected":false},"author":1,"featured_media":0,"comment_status":"open","ping_status":"open","sticky":false,"template":"","format":"standard","meta":{"footnotes":""},"categories":[28],"tags":[],"class_list":["post-887","post","type-post","status-publish","format-standard","hentry","category-latest-news"],"_links":{"self":[{"href":"https:\/\/www.obispadorqta.org.ar\/v3\/wp-json\/wp\/v2\/posts\/887","targetHints":{"allow":["GET"]}}],"collection":[{"href":"https:\/\/www.obispadorqta.org.ar\/v3\/wp-json\/wp\/v2\/posts"}],"about":[{"href":"https:\/\/www.obispadorqta.org.ar\/v3\/wp-json\/wp\/v2\/types\/post"}],"author":[{"embeddable":true,"href":"https:\/\/www.obispadorqta.org.ar\/v3\/wp-json\/wp\/v2\/users\/1"}],"replies":[{"embeddable":true,"href":"https:\/\/www.obispadorqta.org.ar\/v3\/wp-json\/wp\/v2\/comments?post=887"}],"version-history":[{"count":0,"href":"https:\/\/www.obispadorqta.org.ar\/v3\/wp-json\/wp\/v2\/posts\/887\/revisions"}],"wp:attachment":[{"href":"https:\/\/www.obispadorqta.org.ar\/v3\/wp-json\/wp\/v2\/media?parent=887"}],"wp:term":[{"taxonomy":"category","embeddable":true,"href":"https:\/\/www.obispadorqta.org.ar\/v3\/wp-json\/wp\/v2\/categories?post=887"},{"taxonomy":"post_tag","embeddable":true,"href":"https:\/\/www.obispadorqta.org.ar\/v3\/wp-json\/wp\/v2\/tags?post=887"}],"curies":[{"name":"wp","href":"https:\/\/api.w.org\/{rel}","templated":true}]}}