{"id":890,"date":"2014-04-17T14:31:51","date_gmt":"2014-04-17T14:31:51","guid":{"rendered":"http:\/\/www.obispadorqta.org.ar\/v3\/misacrismal\/"},"modified":"2014-04-17T14:31:51","modified_gmt":"2014-04-17T14:31:51","slug":"misacrismal","status":"publish","type":"post","link":"https:\/\/www.obispadorqta.org.ar\/v3\/misacrismal\/","title":{"rendered":"Misa Crismal"},"content":{"rendered":"<p style=\"text-align: center\" class=\"MsoNormal\"><img loading=\"lazy\" decoding=\"async\" src=\"https:\/\/scontent-a-mia.xx.fbcdn.net\/hphotos-frc1\/t1.0-9\/10176145_592276340868861_3875472962971605265_n.jpg\" border=\"0\" width=\"400\" height=\"300\" \/>\u00a0<\/p>\n<p style=\"text-align: justify\" class=\"MsoNormal\">En la noche del Mi\u00e9rcoles Santo se llev\u00f3 a cabo la celebraci\u00f3n de la Misa Crismal presidida por el Obispo Diocesano, Mons. Dr. \u00c1ngel Jos\u00e9 Mac\u00edn y concelebrada por la gran mayor\u00eda de los Sacerdotes diocesanos y Religiosos de nuestra Di\u00f3cesis.<\/p>\n<p style=\"text-align: justify\" class=\"MsoNormal\">En esta celebraci\u00f3n se consagr\u00f3 el Santo Crisma y se bendijo los restantes \u00f3leos, de los catec\u00famenos y de los enfermos. Adem\u00e1s qued\u00f3 expresada la comuni\u00f3n del Obispo con sus Sacerdotes, quienes renovaron las promesas de su ordenaci\u00f3n.<\/p>\n<p style=\"text-align: justify\" class=\"MsoNormal\">Un momento emocionante de esta celebraci\u00f3n fue cuando el Obispo hizo entrega de los \u00f3leos a los P\u00e1rrocos de toda la di\u00f3cesis, estrech\u00e1ndose en un abrazo fraterno y a su vez recibiendo el cari\u00f1o de los presentes que reconocen la ardua, pero gratificante tarea que desempe\u00f1an en las distintas comunidades.<\/p>\n<p style=\"text-align: justify\" class=\"MsoNormal\">Adem\u00e1s se presento ante los fieles a los futuros Di\u00e1conos Permanentes que ser\u00e1n ordenados pr\u00f3ximamente. Asimismo se realiz\u00f3 un reconocimiento al Pbro. Efr\u00e9n Mario Agretti por los a\u00f1os de servicio prestados al obispado como Vicario General, oficio que desempe\u00f1\u00f3 por algo m\u00e1s de diecisiete a\u00f1os, acompa\u00f1ando a varios obispos en el gobierno de la di\u00f3cesis. \u00a0<\/p>\n<p style=\"text-align: center\" class=\"MsoNormal\"><img loading=\"lazy\" decoding=\"async\" src=\"https:\/\/fbcdn-sphotos-g-a.akamaihd.net\/hphotos-ak-frc1\/t1.0-9\/10015067_592276367535525_8034110439143157690_n.jpg\" border=\"0\" width=\"400\" height=\"533\" \/>\u00a0<\/p>\n<p style=\"text-align: center\" class=\"MsoNormal\"><img loading=\"lazy\" decoding=\"async\" src=\"https:\/\/fbcdn-sphotos-e-a.akamaihd.net\/hphotos-ak-prn1\/t1.0-9\/10269528_592276360868859_1025728538392085886_n.jpg\" border=\"0\" width=\"400\" height=\"300\" \/>\u00a0<\/p>\n<p style=\"text-align: center\" class=\"MsoNormal\"><img loading=\"lazy\" decoding=\"async\" src=\"https:\/\/scontent-a-mia.xx.fbcdn.net\/hphotos-frc3\/t1.0-9\/10277429_592280327535129_7242631425137218348_n.jpg\" border=\"0\" width=\"400\" height=\"414\" \/>\u00a0<\/p>\n","protected":false},"excerpt":{"rendered":"<div class=\"mh-excerpt\"><p style=\"text-align: center\" class=\"MsoNormal\"><img loading=\"lazy\" decoding=\"async\" src=\"https:\/\/scontent-a-mia.xx.fbcdn.net\/hphotos-frc1\/t1.0-9\/10176145_592276340868861_3875472962971605265_n.jpg\" border=\"0\" width=\"400\" height=\"300\" \/>\u00a0<\/p>\n<p style=\"text-align: justify\" class=\"MsoNormal\">En la noche del Mi\u00e9rcoles Santo se llev\u00f3 a cabo la celebraci\u00f3n de la Misa Crismal presidida por el Obispo Diocesano, Mons. Dr. \u00c1ngel Jos\u00e9 Mac\u00edn y concelebrada por la gran mayor\u00eda de los Sacerdotes diocesanos y Religiosos de nuestra Di\u00f3cesis.<\/p>\n<p style=\"text-align: justify\" class=\"MsoNormal\">En esta celebraci\u00f3n se consagr\u00f3 el Santo Crisma y se bendijo los restantes \u00f3leos, de los catec\u00famenos y de los enfermos. Adem\u00e1s qued\u00f3 expresada la comuni\u00f3n del Obispo con sus Sacerdotes, quienes renovaron las promesas de su ordenaci\u00f3n.<\/p>\n<\/div>","protected":false},"author":1,"featured_media":0,"comment_status":"open","ping_status":"open","sticky":false,"template":"","format":"standard","meta":{"footnotes":""},"categories":[28],"tags":[],"class_list":["post-890","post","type-post","status-publish","format-standard","hentry","category-latest-news"],"_links":{"self":[{"href":"https:\/\/www.obispadorqta.org.ar\/v3\/wp-json\/wp\/v2\/posts\/890","targetHints":{"allow":["GET"]}}],"collection":[{"href":"https:\/\/www.obispadorqta.org.ar\/v3\/wp-json\/wp\/v2\/posts"}],"about":[{"href":"https:\/\/www.obispadorqta.org.ar\/v3\/wp-json\/wp\/v2\/types\/post"}],"author":[{"embeddable":true,"href":"https:\/\/www.obispadorqta.org.ar\/v3\/wp-json\/wp\/v2\/users\/1"}],"replies":[{"embeddable":true,"href":"https:\/\/www.obispadorqta.org.ar\/v3\/wp-json\/wp\/v2\/comments?post=890"}],"version-history":[{"count":0,"href":"https:\/\/www.obispadorqta.org.ar\/v3\/wp-json\/wp\/v2\/posts\/890\/revisions"}],"wp:attachment":[{"href":"https:\/\/www.obispadorqta.org.ar\/v3\/wp-json\/wp\/v2\/media?parent=890"}],"wp:term":[{"taxonomy":"category","embeddable":true,"href":"https:\/\/www.obispadorqta.org.ar\/v3\/wp-json\/wp\/v2\/categories?post=890"},{"taxonomy":"post_tag","embeddable":true,"href":"https:\/\/www.obispadorqta.org.ar\/v3\/wp-json\/wp\/v2\/tags?post=890"}],"curies":[{"name":"wp","href":"https:\/\/api.w.org\/{rel}","templated":true}]}}