{"id":892,"date":"2014-04-21T14:53:21","date_gmt":"2014-04-21T14:53:21","guid":{"rendered":"http:\/\/www.obispadorqta.org.ar\/v3\/diaconosponton\/"},"modified":"2014-04-21T14:53:21","modified_gmt":"2014-04-21T14:53:21","slug":"diaconosponton","status":"publish","type":"post","link":"https:\/\/www.obispadorqta.org.ar\/v3\/diaconosponton\/","title":{"rendered":"Ordenaci\u00f3n Diaconal"},"content":{"rendered":"<p style=\"text-align: center; margin: 0cm 0cm 0.0001pt\"><img loading=\"lazy\" decoding=\"async\" src=\"https:\/\/scontent-b-atl.xx.fbcdn.net\/hphotos-prn1\/t1.0-9\/10298881_594633800633115_661896467988406240_n.jpg\" border=\"0\" width=\"400\" height=\"300\" \/><\/p>\n<p style=\"margin: 0cm 0cm 0.0001pt; text-align: justify\"><span style=\"font-family: Arial; color: black; border: 1pt none windowtext; padding: 0cm\">Este domingo de Pascua se realiz\u00f3 la ordenaci\u00f3n diaconal de Eudides Savier Spont\u00f3n en la parroquia de nuestra ciudad. La misa fue presidida por el Obispo Diocesano Mons. \u00c1ngel Jos\u00e9 Mac\u00edn.<\/span><\/p>\n<p style=\"margin: 0cm 0cm 0.0001pt; text-align: justify\"><span style=\"font-size: 9pt; font-family: Arial; color: black\">\u00a0<\/span><\/p>\n<p style=\"margin: 0cm 0cm 0.0001pt\"><span style=\"font-family: Arial; color: black; border: 1pt none windowtext; padding: 0cm\">La ceremonia tuvo lugar en la parroquia Nuestra Se\u00f1ora del Huerto de Malabrigo y fue la primera de una serie de seis ordenaciones que se har\u00e1n en la di\u00f3cesis durante este a\u00f1o.<\/span><\/p>\n<p style=\"margin: 0cm 0cm 0.0001pt; text-align: justify\"><span style=\"font-size: 9pt; font-family: Arial; color: black\">\u00a0<\/span><\/p>\n<p style=\"margin: 0cm 0cm 0.0001pt\"><span style=\"font-family: Arial; color: black; border: 1pt none windowtext; padding: 0cm\">En el a\u00f1o 2007, y por iniciativa del entonces obispo diocesano, Mons. Ram\u00f3n Alfredo Dus, se comenz\u00f3 con el discernimiento del tema en el presbiterio. Luego se inici\u00f3 el camino de formaci\u00f3n con seis candidatos. Posteriormente se cre\u00f3 el Instituto San Jer\u00f3nimo, destinado a tal fin.<\/span><\/p>\n<p style=\"margin: 0cm 0cm 0.0001pt; text-align: justify\"><span style=\"font-size: 9pt; font-family: Arial; color: black\">\u00a0<\/span><\/p>\n<p style=\"margin: 0cm 0cm 0.0001pt\"><span style=\"font-family: Arial; color: black; border: 1pt none windowtext; padding: 0cm\">El obispo Mac\u00edn destac\u00f3 el trabajo de Eudides Savier a lo largo de los a\u00f1os en la parroquia de Malabrigo e inst\u00f3 a seguir trabajando con esmero y dedicaci\u00f3n en toda la di\u00f3cesis. <\/span><\/p>\n<p style=\"margin: 0cm 0cm 0.0001pt; text-align: justify\"><span style=\"font-size: 9pt; font-family: Arial; color: black\">\u00a0<\/span><\/p>\n<p style=\"margin: 0cm 0cm 0.0001pt\"><span style=\"font-family: Arial; color: black; border: 1pt none windowtext; padding: 0cm\">Por su parte el flamante Diacono agradeci\u00f3 a toda su familia por el apoyo, haciendo especial hincapi\u00e9 en Marta su esposa que ha sido su gran compa\u00f1\u00eda y apoyo en estos a\u00f1os, a las distintas comisiones parroquiales y a la comunidad en general. <\/span><\/p>\n<p style=\"margin: 0cm 0cm 0.0001pt; text-align: justify\"><span style=\"font-family: Arial; color: black; border: 1pt none windowtext; padding: 0cm\">\u00a0<\/span><\/p>\n<p style=\"margin: 0cm 0cm 0.0001pt; text-align: justify\"><span style=\"font-family: Arial; color: black; border: 1pt none windowtext; padding: 0cm\">Luego se dio lugar a la lectura de los decretos de adscripci\u00f3n del Di\u00e1cono Eudides Savier Spont\u00f3n a la Parroquia \u201cNuestra Se\u00f1ora del Huerto\u201d y del nombramiento como coordinador para la Pastoral de Adicciones.<\/span><\/p>\n<p style=\"margin: 0cm 0cm 0.0001pt; text-align: justify\">&nbsp;<\/p>\n<p style=\"text-align: center; margin: 0cm 0cm 0.0001pt\"><img loading=\"lazy\" decoding=\"async\" src=\"https:\/\/scontent-a-atl.xx.fbcdn.net\/hphotos-ash3\/t1.0-9\/10247196_594633793966449_2389175157748545865_n.jpg\" border=\"0\" width=\"400\" height=\"533\" \/><span style=\"line-height: 1.3em\">\u00a0<\/span><\/p>\n<p style=\"text-align: center; margin: 0cm 0cm 0.0001pt\"><img loading=\"lazy\" decoding=\"async\" src=\"https:\/\/fbcdn-sphotos-h-a.akamaihd.net\/hphotos-ak-prn1\/t1.0-9\/10150697_594633797299782_1594927957583990652_n.jpg\" border=\"0\" width=\"400\" height=\"300\" \/>\u00a0<\/p>\n","protected":false},"excerpt":{"rendered":"<div class=\"mh-excerpt\"><p style=\"text-align: center; margin: 0cm 0cm 0.0001pt\"><img loading=\"lazy\" decoding=\"async\" src=\"https:\/\/scontent-b-atl.xx.fbcdn.net\/hphotos-prn1\/t1.0-9\/10298881_594633800633115_661896467988406240_n.jpg\" border=\"0\" width=\"400\" height=\"300\" \/><\/p>\n<p style=\"margin: 0cm 0cm 0.0001pt; text-align: justify\"><span style=\"font-family: Arial; color: black; border: 1pt none windowtext; padding: 0cm\">Este domingo de Pascua se realiz\u00f3 la ordenaci\u00f3n diaconal de Eudides Savier Spont\u00f3n en la parroquia de nuestra ciudad. La misa fue presidida por el Obispo Diocesano Mons. \u00c1ngel Jos\u00e9 Mac\u00edn.<\/span><\/p>\n<p style=\"margin: 0cm 0cm 0.0001pt; text-align: justify\"><span style=\"font-size: 9pt; font-family: Arial; color: black\">\u00a0<\/span><\/p>\n<p style=\"margin: 0cm 0cm 0.0001pt\"><span style=\"font-family: Arial; color: black; border: 1pt none windowtext; padding: 0cm\">La ceremonia tuvo lugar en la parroquia Nuestra Se\u00f1ora del Huerto de Malabrigo y fue la primera de una serie de seis ordenaciones que se har\u00e1n en la di\u00f3cesis durante este a\u00f1o.<\/span><\/p>\n<p style=\"margin: 0cm 0cm 0.0001pt; text-align: justify\"><span style=\"font-size: 9pt; font-family: Arial; color: black\">\u00a0<\/span><\/p>\n<\/div>","protected":false},"author":1,"featured_media":0,"comment_status":"open","ping_status":"open","sticky":false,"template":"","format":"standard","meta":{"footnotes":""},"categories":[28],"tags":[],"class_list":["post-892","post","type-post","status-publish","format-standard","hentry","category-latest-news"],"_links":{"self":[{"href":"https:\/\/www.obispadorqta.org.ar\/v3\/wp-json\/wp\/v2\/posts\/892","targetHints":{"allow":["GET"]}}],"collection":[{"href":"https:\/\/www.obispadorqta.org.ar\/v3\/wp-json\/wp\/v2\/posts"}],"about":[{"href":"https:\/\/www.obispadorqta.org.ar\/v3\/wp-json\/wp\/v2\/types\/post"}],"author":[{"embeddable":true,"href":"https:\/\/www.obispadorqta.org.ar\/v3\/wp-json\/wp\/v2\/users\/1"}],"replies":[{"embeddable":true,"href":"https:\/\/www.obispadorqta.org.ar\/v3\/wp-json\/wp\/v2\/comments?post=892"}],"version-history":[{"count":0,"href":"https:\/\/www.obispadorqta.org.ar\/v3\/wp-json\/wp\/v2\/posts\/892\/revisions"}],"wp:attachment":[{"href":"https:\/\/www.obispadorqta.org.ar\/v3\/wp-json\/wp\/v2\/media?parent=892"}],"wp:term":[{"taxonomy":"category","embeddable":true,"href":"https:\/\/www.obispadorqta.org.ar\/v3\/wp-json\/wp\/v2\/categories?post=892"},{"taxonomy":"post_tag","embeddable":true,"href":"https:\/\/www.obispadorqta.org.ar\/v3\/wp-json\/wp\/v2\/tags?post=892"}],"curies":[{"name":"wp","href":"https:\/\/api.w.org\/{rel}","templated":true}]}}