{"id":897,"date":"2014-04-30T14:18:58","date_gmt":"2014-04-30T14:18:58","guid":{"rendered":"http:\/\/www.obispadorqta.org.ar\/v3\/triduoitati\/"},"modified":"2014-04-30T14:18:58","modified_gmt":"2014-04-30T14:18:58","slug":"triduoitati","status":"publish","type":"post","link":"https:\/\/www.obispadorqta.org.ar\/v3\/triduoitati\/","title":{"rendered":"Triduo en honor a Nuestra Se\u00f1ora de Itat\u00ed"},"content":{"rendered":"<div style=\"text-align: center\"><img loading=\"lazy\" decoding=\"async\" src=\"https:\/\/scontent-b-mia.xx.fbcdn.net\/hphotos-prn1\/t1.0-9\/10178028_599190893510739_8988415855581929073_n.jpg\" border=\"0\" width=\"400\" height=\"533\" \/><\/div>\n<div align=\"justify\">\u00a0<span style=\"line-height: 1.3em\">En la localidad de Margarita se llev\u00f3 a cabo la celebraci\u00f3n del segundo d\u00eda del triduo en honor a <\/span>la Virgen<span style=\"line-height: 1.3em\"> de Itat\u00ed, presidida por el Obispo Diocesano, Mons. \u00c1ngel Jos\u00e9 Mac\u00edn y concelebrada por los Pbros. Giancarlo Maistrello y Rolando Gonz\u00e1lez, en ocasi\u00f3n de las bodas de oro de la capilla que lleva su nombre, ubicada a la vera de la ruta nacional 11, de dicha localidad.<\/span><\/div>\n<p class=\"MsoNormal\" align=\"justify\">A su vez, el padre Obispo present\u00f3 a la comunidad de Margarita al Di\u00e1cono Permanente, Sr. Jorge Juli\u00e1n Gallard, quien asistir\u00e1 pastoralmente al Administrador Parroquial, Pbro. Giancarlo Maistrello.<\/p>\n<p align=\"justify\">Hoy se realizar\u00e1 la procesi\u00f3n con antorchas a las 19.00 hs. alrededor del Barrio y luego se celebrar\u00e1 la Santa Misa. El d\u00eda jueves primero de mayo se llevar\u00e1 a cabo celebraci\u00f3n de las bodas de oro de la capilla \u201cNtra. Sra. de Itat\u00ed\u201d comenzando con una procesi\u00f3n que arranca desde el monolito de San Roque a las 09:30 hs., al finalizar la misma se celebrar\u00e1 la Santa Misa, bendici\u00f3n y descubrimiento de la placa recordatoria y a continuaci\u00f3n, almuerzo y concluye con un festival art\u00edstico con diversos conjuntos locales.<\/p>\n<p style=\"text-align: center\" class=\"MsoNormal\"><span style=\"text-align: center; line-height: 1.3em\">\u00a0<\/span><img loading=\"lazy\" decoding=\"async\" src=\"https:\/\/scontent-b-mia.xx.fbcdn.net\/hphotos-frc3\/t1.0-9\/10302118_599190900177405_813083443548936887_n.jpg\" border=\"0\" width=\"400\" height=\"300\" \/><\/p>\n<div style=\"text-align: center\"><img loading=\"lazy\" decoding=\"async\" src=\"https:\/\/scontent-a-mia.xx.fbcdn.net\/hphotos-ash3\/t1.0-9\/1621725_599191076844054_3222890137393918700_n.jpg\" border=\"0\" width=\"400\" height=\"300\" \/>\u00a0<\/div>\n<div style=\"text-align: center\"><img loading=\"lazy\" decoding=\"async\" src=\"https:\/\/scontent-a-mia.xx.fbcdn.net\/hphotos-frc3\/t1.0-9\/10256512_599191116844050_7364812263734327417_n.jpg\" border=\"0\" width=\"400\" height=\"300\" \/>\u00a0<\/div>\n<div style=\"text-align: center\"><\/div>\n","protected":false},"excerpt":{"rendered":"<div class=\"mh-excerpt\"><div style=\"text-align: center\"><img loading=\"lazy\" decoding=\"async\" src=\"https:\/\/scontent-b-mia.xx.fbcdn.net\/hphotos-prn1\/t1.0-9\/10178028_599190893510739_8988415855581929073_n.jpg\" border=\"0\" width=\"400\" height=\"533\" \/><\/div>\n<\/div>","protected":false},"author":1,"featured_media":0,"comment_status":"open","ping_status":"open","sticky":false,"template":"","format":"standard","meta":{"footnotes":""},"categories":[28],"tags":[],"class_list":["post-897","post","type-post","status-publish","format-standard","hentry","category-latest-news"],"_links":{"self":[{"href":"https:\/\/www.obispadorqta.org.ar\/v3\/wp-json\/wp\/v2\/posts\/897","targetHints":{"allow":["GET"]}}],"collection":[{"href":"https:\/\/www.obispadorqta.org.ar\/v3\/wp-json\/wp\/v2\/posts"}],"about":[{"href":"https:\/\/www.obispadorqta.org.ar\/v3\/wp-json\/wp\/v2\/types\/post"}],"author":[{"embeddable":true,"href":"https:\/\/www.obispadorqta.org.ar\/v3\/wp-json\/wp\/v2\/users\/1"}],"replies":[{"embeddable":true,"href":"https:\/\/www.obispadorqta.org.ar\/v3\/wp-json\/wp\/v2\/comments?post=897"}],"version-history":[{"count":0,"href":"https:\/\/www.obispadorqta.org.ar\/v3\/wp-json\/wp\/v2\/posts\/897\/revisions"}],"wp:attachment":[{"href":"https:\/\/www.obispadorqta.org.ar\/v3\/wp-json\/wp\/v2\/media?parent=897"}],"wp:term":[{"taxonomy":"category","embeddable":true,"href":"https:\/\/www.obispadorqta.org.ar\/v3\/wp-json\/wp\/v2\/categories?post=897"},{"taxonomy":"post_tag","embeddable":true,"href":"https:\/\/www.obispadorqta.org.ar\/v3\/wp-json\/wp\/v2\/tags?post=897"}],"curies":[{"name":"wp","href":"https:\/\/api.w.org\/{rel}","templated":true}]}}