{"id":899,"date":"2014-05-07T12:57:51","date_gmt":"2014-05-07T12:57:51","guid":{"rendered":"http:\/\/www.obispadorqta.org.ar\/v3\/8-de-mayo-qnuestra-senora-de-lujanq-patrona-de-argentina\/"},"modified":"2014-05-07T12:57:51","modified_gmt":"2014-05-07T12:57:51","slug":"8-de-mayo-qnuestra-senora-de-lujanq-patrona-de-argentina","status":"publish","type":"post","link":"https:\/\/www.obispadorqta.org.ar\/v3\/8-de-mayo-qnuestra-senora-de-lujanq-patrona-de-argentina\/","title":{"rendered":"8 de Mayo \u00abNuestra Se\u00f1ora de Luj\u00e1n\u00bb &#8211; Patrona de Argentina"},"content":{"rendered":"<div style=\"text-align: center\"><img loading=\"lazy\" decoding=\"async\" src=\"https:\/\/fbcdn-sphotos-h-a.akamaihd.net\/hphotos-ak-ash4\/t1.0-9\/p417x417\/10291313_602233023206526_8821979948839112374_n.jpg\" border=\"0\" width=\"416\" height=\"311\" \/> <\/div>\n<p align=\"justify\"><font color=\"#000000\">La idea es rezar la Oraci\u00f3n de la Patria y a San Juan Pablo II, que copiamos a continuaci\u00f3n, porque en ellas pedimos por la Patria, la verdad, la vida, y la familia. <\/font><\/p>\n<p align=\"justify\"><font color=\"#000000\">En sus\u00a0 lugares, en comunidad, ofreciendo las misas de ese d\u00eda, con la convicci\u00f3n de que estaremos unidos y confiados en el poder de la oraci\u00f3n por el bien de nuestro pa\u00eds.<\/font><\/p>\n<p align=\"justify\"><font color=\"#000000\">Por otro lado, los invitamos a que compartan esta propuesta en sus redes sociales, los saludamos fraternalmente, <\/font><\/p>\n<div align=\"right\"><font color=\"#000000\"><em>DEPLAI &#8211; Departamento de Laicos de la Conferencia Episcopal Argentina <\/em><\/font><\/div>\n<p>&nbsp;<\/p>\n<p><u><strong>La oraci\u00f3n a san Juan Pablo II <\/strong><\/u><\/p>\n<p><font color=\"#000000\">\u00abOh san Juan Pablo II. Desde la ventana del cielo danos tu bendici\u00f3n. Bendice la Iglesia que t\u00fa has amado, servido y guiado, empuj\u00e1ndola con valent\u00eda por los caminos del mundo para llevar a Jes\u00fas a todos, y a todos a Jes\u00fas.<\/font><\/p>\n<p><font color=\"#000000\">Bendice a los j\u00f3venes que han sido tu gran pasi\u00f3n. Ens\u00e9\u00f1ales a so\u00f1ar, ens\u00e9\u00f1ales a mirar a lo alto para encontrar la luz, que ilumina los caminos de la vida. <\/font><\/p>\n<p><font color=\"#000000\">\u00abBendice las familias, \u00a1bendice cada familia! T\u00fa que has advertido del asalto de Satan\u00e1s contra esta preciosa e indispensable chispa del cielo que Dios ha encendido en la tierra. San Juan Pablo, con tu oraci\u00f3nprotege la familia y cada vida que florece en la familia. <\/font><\/p>\n<p><font color=\"#000000\">\u00abRuega por el mundo entero, todav\u00eda marcado por tensiones, guerras e injusticias. T\u00fa, que has combatido la guerra, invocando el di\u00e1logo y sembrando el amor: ruega por nosotros, para que seamos incansables sembradores de paz. <\/font><\/p>\n<p><font color=\"#000000\">\u00abOh San Juan Pablo, desde la ventana del cielo, donde te vemos pr\u00f3ximo a Mar\u00eda, haz descender sobre todos nosotros la bendici\u00f3n de Dios. Am\u00e9n\u00bb.+ <\/font><\/p>\n","protected":false},"excerpt":{"rendered":"<div class=\"mh-excerpt\"><div style=\"text-align: center\"><img loading=\"lazy\" decoding=\"async\" src=\"https:\/\/fbcdn-sphotos-h-a.akamaihd.net\/hphotos-ak-ash4\/t1.0-9\/p417x417\/10291313_602233023206526_8821979948839112374_n.jpg\" border=\"0\" width=\"416\" height=\"311\" \/><\/p>\n<\/div>","protected":false},"author":1,"featured_media":0,"comment_status":"open","ping_status":"open","sticky":false,"template":"","format":"standard","meta":{"footnotes":""},"categories":[28],"tags":[],"class_list":["post-899","post","type-post","status-publish","format-standard","hentry","category-latest-news"],"_links":{"self":[{"href":"https:\/\/www.obispadorqta.org.ar\/v3\/wp-json\/wp\/v2\/posts\/899","targetHints":{"allow":["GET"]}}],"collection":[{"href":"https:\/\/www.obispadorqta.org.ar\/v3\/wp-json\/wp\/v2\/posts"}],"about":[{"href":"https:\/\/www.obispadorqta.org.ar\/v3\/wp-json\/wp\/v2\/types\/post"}],"author":[{"embeddable":true,"href":"https:\/\/www.obispadorqta.org.ar\/v3\/wp-json\/wp\/v2\/users\/1"}],"replies":[{"embeddable":true,"href":"https:\/\/www.obispadorqta.org.ar\/v3\/wp-json\/wp\/v2\/comments?post=899"}],"version-history":[{"count":0,"href":"https:\/\/www.obispadorqta.org.ar\/v3\/wp-json\/wp\/v2\/posts\/899\/revisions"}],"wp:attachment":[{"href":"https:\/\/www.obispadorqta.org.ar\/v3\/wp-json\/wp\/v2\/media?parent=899"}],"wp:term":[{"taxonomy":"category","embeddable":true,"href":"https:\/\/www.obispadorqta.org.ar\/v3\/wp-json\/wp\/v2\/categories?post=899"},{"taxonomy":"post_tag","embeddable":true,"href":"https:\/\/www.obispadorqta.org.ar\/v3\/wp-json\/wp\/v2\/tags?post=899"}],"curies":[{"name":"wp","href":"https:\/\/api.w.org\/{rel}","templated":true}]}}