{"id":904,"date":"2014-05-19T12:09:04","date_gmt":"2014-05-19T12:09:04","guid":{"rendered":"http:\/\/www.obispadorqta.org.ar\/v3\/gesto-en-favor-de-la-paz-social\/"},"modified":"2014-05-19T12:09:04","modified_gmt":"2014-05-19T12:09:04","slug":"gesto-en-favor-de-la-paz-social","status":"publish","type":"post","link":"https:\/\/www.obispadorqta.org.ar\/v3\/gesto-en-favor-de-la-paz-social\/","title":{"rendered":"Gesto en Favor de la Paz Social"},"content":{"rendered":"<div align=\"center\"><img loading=\"lazy\" decoding=\"async\" src=\"https:\/\/fbcdn-sphotos-g-a.akamaihd.net\/hphotos-ak-frc3\/t1.0-9\/10403323_607886955974466_459323992255445997_n.jpg\" border=\"0\" width=\"182\" height=\"260\" align=\"middle\" \/> <\/div>\n<div align=\"justify\">\u00a0<\/div>\n<div align=\"justify\"><font color=\"#000000\">Como complemento del Documento <em>\u201cFelices los que trabajan por la paz\u201d<\/em>, recientemente publicado, desde el Episcopado Argentino invitamos a todas las comunidades cristianas del pa\u00eds a unirnos en oraci\u00f3n por la paz, el pr\u00f3ximo Domingo 25 de Mayo, d\u00eda en que recordamos el don de la libertad para nuestra querida Patria Argentina. Y sugerimos que dicha oraci\u00f3n sea rezada personalmente, en familia o en grupos de vecinos, con el conocido texto de San Francisco de As\u00eds: <strong>Se\u00f1or, haz de m\u00ed un instrumento de tu paz.<\/strong><\/font> <\/div>\n<div align=\"justify\"><font color=\"#000000\">Con tal motivo, convoco a todos los p\u00e1rrocos y catequistas de confirmaci\u00f3n a que, con los j\u00f3venes que se est\u00e1n preparando para recibir este Sacramento, y con otros grupos y movimientos juveniles de las parroquias y sus capillas, salgan a las plazas y a otros lugares p\u00fablicos para compartir un encuentro al aire libre, y distribuir a la gente el texto de dicha oraci\u00f3n y otros motivos alusivos al tema que consideren relevantes, invitando a todos a orar para ser instrumentos de paz y reconciliaci\u00f3n en nuestros ambientes. Esta iniciativa se podr\u00e1 prolongar el s\u00e1bado siguiente, v\u00edsperas de Pentecost\u00e9s, ya que en ella celebramos el don de la Paz, con la efusi\u00f3n del Esp\u00edritu Santo.<\/font><\/div>\n<div align=\"justify\">\u00a0<\/div>\n<div align=\"justify\"><font color=\"#000000\">Adem\u00e1s, sugiero a todas las escuelas que adhieren a la Junta Diocesana de Educaci\u00f3n Cat\u00f3lica (JUNDEC), que durante esta semana dediquen alg\u00fan momento a rezar dicha oraci\u00f3n y a realizar alguna actividad referida a esta cuesti\u00f3n, conscientes de que la paz es un don, pero tambi\u00e9n es una tarea que compete a todos y que se aprende a cultivarla desde ni\u00f1os.<\/font><\/div>\n<div align=\"justify\"><font color=\"#000000\"><br \/>Sede Episcopal de Reconquista, 19 de Mayo de 2014.<br \/><\/font><\/div>\n<p><\/p>\n<div align=\"right\"><font color=\"#000000\">+ Mons. \u00c1ngel Jos\u00e9 Mac\u00edn<br \/>Obispo de Reconquista<\/font><\/div>\n<p><font color=\"#000000\"><strong>Oraci\u00f3n por la Paz de San Francisco<\/strong><\/font><\/p>\n<p><em><font color=\"#000000\">Se\u00f1or,<br \/>haz de m\u00ed un instrumento de tu paz:<br \/>donde haya odio, que yo ponga el amor,<br \/>donde haya ofensa, que yo ponga el perd\u00f3n;<br \/>donde haya discordia, que yo ponga la uni\u00f3n;<br \/>donde haya error, que yo ponga verdad;<br \/>donde haya duda, que yo ponga fe;<br \/>donde haya desesperaci\u00f3n, que yo ponga esperanza;<br \/>donde haya tinieblas, que yo ponga\u00a0 luz;<br \/>donde haya tristeza, que yo ponga alegr\u00eda.<\/p>\n<p>Se\u00f1or,<br \/>haz que yo no busque tanto:<br \/>ser consolado como consolar,<br \/>ser comprendido como comprender,<br \/>ser amado como amar.<\/p>\n<p>Porque:<br \/>dando es como se recibe,<br \/>olvid\u00e1ndose de s\u00ed es como uno se encuentra,<br \/>perdonando es como se recibe el perd\u00f3n,<br \/>y muriendo es como se resucita a la Vida. <\/font><\/em><\/p>\n<p><em><font color=\"#000000\">Que Nuestra Se\u00f1ora de Luj\u00e1n nos cuide con su ternura de Madre y nos acompa\u00f1e en la oraci\u00f3n.<br \/><\/font><\/em><\/p>\n","protected":false},"excerpt":{"rendered":"<div class=\"mh-excerpt\"><div align=\"center\"><img loading=\"lazy\" decoding=\"async\" src=\"https:\/\/fbcdn-sphotos-g-a.akamaihd.net\/hphotos-ak-frc3\/t1.0-9\/10403323_607886955974466_459323992255445997_n.jpg\" border=\"0\" width=\"182\" height=\"260\" align=\"middle\" \/> <\/div>\n<div align=\"justify\">\u00a0<\/div>\n<div align=\"justify\"><font color=\"#000000\">Como complemento del Documento <em>\u201cFelices los que trabajan por la paz\u201d<\/em>, recientemente publicado, desde el Episcopado Argentino invitamos a todas las comunidades cristianas del pa\u00eds a unirnos en oraci\u00f3n por la paz, el pr\u00f3ximo Domingo 25 de Mayo, d\u00eda en que recordamos el don de la libertad para nuestra querida Patria Argentina. Y sugerimos que dicha oraci\u00f3n sea rezada personalmente, en familia o en grupos de vecinos, con el conocido texto de San Francisco de As\u00eds: <strong>Se\u00f1or, haz de m\u00ed un instrumento de tu paz.<\/strong><\/font><\/p>\n<\/div>","protected":false},"author":1,"featured_media":0,"comment_status":"open","ping_status":"open","sticky":false,"template":"","format":"standard","meta":{"footnotes":""},"categories":[28],"tags":[],"class_list":["post-904","post","type-post","status-publish","format-standard","hentry","category-latest-news"],"_links":{"self":[{"href":"https:\/\/www.obispadorqta.org.ar\/v3\/wp-json\/wp\/v2\/posts\/904","targetHints":{"allow":["GET"]}}],"collection":[{"href":"https:\/\/www.obispadorqta.org.ar\/v3\/wp-json\/wp\/v2\/posts"}],"about":[{"href":"https:\/\/www.obispadorqta.org.ar\/v3\/wp-json\/wp\/v2\/types\/post"}],"author":[{"embeddable":true,"href":"https:\/\/www.obispadorqta.org.ar\/v3\/wp-json\/wp\/v2\/users\/1"}],"replies":[{"embeddable":true,"href":"https:\/\/www.obispadorqta.org.ar\/v3\/wp-json\/wp\/v2\/comments?post=904"}],"version-history":[{"count":0,"href":"https:\/\/www.obispadorqta.org.ar\/v3\/wp-json\/wp\/v2\/posts\/904\/revisions"}],"wp:attachment":[{"href":"https:\/\/www.obispadorqta.org.ar\/v3\/wp-json\/wp\/v2\/media?parent=904"}],"wp:term":[{"taxonomy":"category","embeddable":true,"href":"https:\/\/www.obispadorqta.org.ar\/v3\/wp-json\/wp\/v2\/categories?post=904"},{"taxonomy":"post_tag","embeddable":true,"href":"https:\/\/www.obispadorqta.org.ar\/v3\/wp-json\/wp\/v2\/tags?post=904"}],"curies":[{"name":"wp","href":"https:\/\/api.w.org\/{rel}","templated":true}]}}