{"id":908,"date":"2014-05-23T12:50:14","date_gmt":"2014-05-23T12:50:14","guid":{"rendered":"http:\/\/www.obispadorqta.org.ar\/v3\/disertacion-del-lic-pbro-alberto-bustamante\/"},"modified":"2014-05-23T12:50:14","modified_gmt":"2014-05-23T12:50:14","slug":"disertacion-del-lic-pbro-alberto-bustamante","status":"publish","type":"post","link":"https:\/\/www.obispadorqta.org.ar\/v3\/disertacion-del-lic-pbro-alberto-bustamante\/","title":{"rendered":"DIsertaci\u00f3n del Lic. Pbro. Alberto Bustamante"},"content":{"rendered":"<div align=\"justify\"><font style=\"font-family: Arial,Helvetica,sans-serif; font-size: 10px\" color=\"#000000\"><img loading=\"lazy\" decoding=\"async\" src=\"https:\/\/fbcdn-sphotos-c-a.akamaihd.net\/hphotos-ak-prn2\/t1.0-9\/1920109_609826349113860_8247294121340788017_n.jpg\" border=\"0\" width=\"250\" height=\"159\" align=\"left\" \/>La Escuela de Educaci\u00f3n Secundaria Orientada Particular Incorporada N\u00ba 8114 \u201cSant\u00edsima Virgen Ni\u00f1a\u201d, invita a la Disertaci\u00f3n a cargo del <strong>Licenciado Padre Alberto Bustamante, Presidente del Consudec<\/strong> (Consejo Superior de Educaci\u00f3n Cat\u00f3lica), sobre la tem\u00e1tica:<em> \u201cEducaci\u00f3n y Evangelizaci\u00f3n: Un Camino de Valores\u201d<\/em>.<\/font><\/div>\n<div align=\"justify\">\u00a0<\/div>\n<div align=\"justify\" style=\"font-family: Arial,Helvetica,sans-serif; font-size: 10px\"><font style=\"font-family: Arial,Helvetica,sans-serif; font-size: 10px\" color=\"#000000\">La misma se desarrollara el d\u00eda <strong>viernes 30 de mayo<\/strong> en las instalaciones del Club Arno de Villa Ocampo (25 de mayo N\u00ba 1900), a las 08.30 para docentes y a las 20.00 para padres y p\u00fablico en general.\u00a0 <\/font><\/div>\n<div align=\"justify\" style=\"font-family: Arial,Helvetica,sans-serif; font-size: 10px\">\u00a0<\/div>\n<div align=\"justify\" style=\"font-family: Arial,Helvetica,sans-serif; font-size: 10px\"><font color=\"#000000\">Dicha disertaci\u00f3n tiene como finalidad fortificar nuestros valores y actitudes, tomando como eje la labor del Papa Francisco en su accionar diario en la comunidad mundial.-<\/font> <\/div>\n<p><u><strong style=\"font-family: Arial,Helvetica,sans-serif; font-size: 10px\">Breve rese\u00f1a bibliogr\u00e1fica <\/strong><\/u><\/p>\n<p style=\"font-family: Arial,Helvetica,sans-serif; font-size: 10px\">PROFESOR EN CIENCIAS SAGRADAS Y FILOSOF\u00cdA.\u00a0Otorgado por el Profesorado en Ciencias Sagradas y Filosof\u00eda \u201cNuestra Se\u00f1ora de Loreto\u201d. Arzobispado de C\u00f3rdoba.<br \/>LICENCIADO EN FILOSOFIA.\u00a0Universidad Cat\u00f3lica de C\u00f3rdoba.<br \/>LICENCIADO EN ADMINISTRACI\u00d3N Y GESTI\u00d3N DE LA EDUCACI\u00d3N.\u00a0Universidad de San Mart\u00edn. Buenos Aires.<\/p>\n<p style=\"font-family: Arial,Helvetica,sans-serif; font-size: 10px\"><u>OFICIOS DESEMPE\u00d1ADOS<\/u>:<br \/>\u00b7\u00a0\u00a0 \u00a0VICARIO PARROQUIAL:\u00a0En Parroquia Santa Rosa de Lima de Santa Rosa de R\u00edo Primero (Cba), en Parroquia Sagrada Familia deVilla Mar\u00eda (Cba); en Parroquia Inmaculada Concepci\u00f3n de Bell Ville(Cba)<br \/>\u00b7\u00a0\u00a0 \u00a0CURA P\u00c1RROCO:\u00a0En Parroquia San Agust\u00edn de San Agust\u00edn (Cba); en Parroquia Santa Rosa de Lima en Santa Rosa de Calamuchita (Cba); en Parroquia San Jos\u00e9 de Arroyo Cabral (Cba).<br \/>\u00b7\u00a0\u00a0 \u00a0PROFESOR DE FILOSOF\u00cdA, TEOLOG\u00cdA, L\u00d3GICA Y DOCTRINA SOCIAL DE LA IGLESIA , NIVEL MEDIO Y SUPERIOR<br \/>\u00b7\u00a0\u00a0 \u00a0DIRECTOR NIVEL MEDIO<br \/>\u00b7\u00a0\u00a0 \u00a0DELEGADO TITULAR EN LA ASAMBLEA PROVINCIAL DEL CONGRESO PEDAG\u00d3GICO NACIONAL<br \/>\u00b7\u00a0\u00a0 \u00a0COORDINADOR DEL PROGRAMA CIEN EDUCADORES. LICENCIATURA EN ADMINISTRACI\u00d3N Y GESTI\u00d3N DE\u00a0\u00a0 LA EDUCACI\u00d3N. CONVENIO CONSUDEC-UNIVERSIDAD NACIONAL SAN MARTIN<br \/>\u00b7\u00a0\u00a0 \u00a0VICARIO EPISCOPAL PARA LA EDUCACI\u00d3N. Obispado de Villa Mar\u00eda<br \/>\u00b7\u00a0\u00a0 \u00a0VICEPRESIDENTE DE CONSUDEC (CONSEJO SUPERIOR DE EDUCACI\u00d3N CAT\u00d3LICA)<br \/>\u00b7\u00a0\u00a0 \u00a0PRESIDENTE DEL CONSEJO DE EDUCACI\u00d3N CAT\u00d3LICA DE LA PROVINCIA DE C\u00d3RDOBA<br \/>\u00b7\u00a0\u00a0 \u00a0MIEMBRO DEL CONSEJO PROVINCIAL DE POL\u00cdTICAS EDUCATIVAS (C\u00d3RDOBA)<br \/>\u00b7\u00a0\u00a0 \u00a0MIEMBRO DEL CONSEJO PROVINCIAL DE EDUCACI\u00d3N T\u00c9CNICA Y TRABAJO (C\u00d3RDOBA)<\/p>\n<p style=\"font-family: Arial,Helvetica,sans-serif; font-size: 10px\"><u>ACTUALMENTE<\/u><br \/>\u00b7\u00a0\u00a0 \u00a0PRESIDENTE DEL CONSUDEC (CONSEJO SUPERIOR DE EDUCACI\u00d3N CAT\u00d3LICA)<br \/>\u00b7\u00a0\u00a0 \u00a0CONSEJERO DEL CONO SUR (BRASIL, PARAGUAY, CHILEY URUGUAY) DE LA CIEC (CONFEDERACI\u00d3N INTERAMERICANA DE EDUCACI\u00d3N CAT\u00d3LICA)<br \/>\u00b7\u00a0\u00a0 \u00a0CONSEJERO POR LA REGI\u00d3N AM\u00c9RICA EN LA OFICINA INTERNACIONAL DE EDUCACI\u00d3N CAT\u00d3LICA (OIEC)<\/p>\n","protected":false},"excerpt":{"rendered":"<div class=\"mh-excerpt\"><div align=\"justify\"><font style=\"font-family: Arial,Helvetica,sans-serif; font-size: 10px\" color=\"#000000\"><img loading=\"lazy\" decoding=\"async\" src=\"https:\/\/fbcdn-sphotos-c-a.akamaihd.net\/hphotos-ak-prn2\/t1.0-9\/1920109_609826349113860_8247294121340788017_n.jpg\" border=\"0\" width=\"250\" height=\"159\" align=\"left\" \/>La Escuela de Educaci\u00f3n Secundaria Orientada Particular Incorporada N\u00ba 8114 \u201cSant\u00edsima Virgen Ni\u00f1a\u201d, invita a la Disertaci\u00f3n a cargo del <strong>Licenciado Padre Alberto Bustamante, Presidente del Consudec<\/strong> (Consejo Superior de Educaci\u00f3n Cat\u00f3lica), sobre la tem\u00e1tica:<em> \u201cEducaci\u00f3n y Evangelizaci\u00f3n: Un Camino de Valores\u201d<\/em>.<\/font><\/div>\n<div align=\"justify\">\u00a0<\/div>\n<div align=\"justify\" style=\"font-family: Arial,Helvetica,sans-serif; font-size: 10px\"><font style=\"font-family: Arial,Helvetica,sans-serif; font-size: 10px\" color=\"#000000\">La misma se desarrollara el d\u00eda <strong>viernes 30 de mayo<\/strong> en las instalaciones del Club Arno de Villa Ocampo (25 de mayo N\u00ba 1900), a las 08.30 para docentes y a las 20.00 para padres y p\u00fablico en general.\u00a0 <\/font><\/div>\n<div align=\"justify\" style=\"font-family: Arial,Helvetica,sans-serif; font-size: 10px\">\u00a0<\/div>\n<div align=\"justify\" style=\"font-family: Arial,Helvetica,sans-serif; font-size: 10px\"><font color=\"#000000\">Dicha disertaci\u00f3n tiene como finalidad fortificar nuestros valores y actitudes, tomando como eje la labor del Papa Francisco en su accionar diario en la comunidad mundial.-<\/font><\/p>\n<\/div>","protected":false},"author":1,"featured_media":0,"comment_status":"open","ping_status":"open","sticky":false,"template":"","format":"standard","meta":{"footnotes":""},"categories":[28],"tags":[],"class_list":["post-908","post","type-post","status-publish","format-standard","hentry","category-latest-news"],"_links":{"self":[{"href":"https:\/\/www.obispadorqta.org.ar\/v3\/wp-json\/wp\/v2\/posts\/908","targetHints":{"allow":["GET"]}}],"collection":[{"href":"https:\/\/www.obispadorqta.org.ar\/v3\/wp-json\/wp\/v2\/posts"}],"about":[{"href":"https:\/\/www.obispadorqta.org.ar\/v3\/wp-json\/wp\/v2\/types\/post"}],"author":[{"embeddable":true,"href":"https:\/\/www.obispadorqta.org.ar\/v3\/wp-json\/wp\/v2\/users\/1"}],"replies":[{"embeddable":true,"href":"https:\/\/www.obispadorqta.org.ar\/v3\/wp-json\/wp\/v2\/comments?post=908"}],"version-history":[{"count":0,"href":"https:\/\/www.obispadorqta.org.ar\/v3\/wp-json\/wp\/v2\/posts\/908\/revisions"}],"wp:attachment":[{"href":"https:\/\/www.obispadorqta.org.ar\/v3\/wp-json\/wp\/v2\/media?parent=908"}],"wp:term":[{"taxonomy":"category","embeddable":true,"href":"https:\/\/www.obispadorqta.org.ar\/v3\/wp-json\/wp\/v2\/categories?post=908"},{"taxonomy":"post_tag","embeddable":true,"href":"https:\/\/www.obispadorqta.org.ar\/v3\/wp-json\/wp\/v2\/tags?post=908"}],"curies":[{"name":"wp","href":"https:\/\/api.w.org\/{rel}","templated":true}]}}