{"id":909,"date":"2014-05-23T13:01:35","date_gmt":"2014-05-23T13:01:35","guid":{"rendered":"http:\/\/www.obispadorqta.org.ar\/v3\/nuevo-vicario-parroquial-maria-madre-de-dios\/"},"modified":"2014-05-23T13:01:35","modified_gmt":"2014-05-23T13:01:35","slug":"nuevo-vicario-parroquial-maria-madre-de-dios","status":"publish","type":"post","link":"https:\/\/www.obispadorqta.org.ar\/v3\/nuevo-vicario-parroquial-maria-madre-de-dios\/","title":{"rendered":"Nuevo Vicario Parroquial Mar\u00eda Madre de Dios"},"content":{"rendered":"<div align=\"justify\" style=\"font-family: Arial,Helvetica,sans-serif; font-size: 10px\"><font style=\"font-size: 12px\" color=\"#000000\"><img loading=\"lazy\" decoding=\"async\" src=\"https:\/\/fbcdn-sphotos-e-a.akamaihd.net\/hphotos-ak-prn2\/t1.0-9\/10299520_609833732446455_2736954071755996752_n.jpg\" border=\"0\" width=\"146\" height=\"161\" align=\"left\" \/>Informamos a todo el Pueblo de Dios que este <strong>s\u00e1bado 24 de mayo a las 19.30 en la Parroquia \u201cMar\u00eda Madre de Dios\u201d<\/strong> de Reconquista, el Pbro. Efr\u00e9n Agretti asumir\u00e1 como Vicario Parroquial de dicha parroquia.-<\/font><\/div>\n<div align=\"justify\" style=\"font-family: Arial,Helvetica,sans-serif; font-size: 10px\">\u00a0<\/div>\n<div align=\"justify\" style=\"font-family: Arial,Helvetica,sans-serif; font-size: 10px\"><font style=\"font-size: 12px\" color=\"#000000\">La Celebraci\u00f3n Eucar\u00edstica ser\u00e1 presidida por nuestro obispo Diocesano, Mons. \u00c1ngel Jos\u00e9 Mac\u00edn.<\/p>\n<p><em>Se invita a toda la comunidad a acompa\u00f1arlo con nuestra presencia y oraci\u00f3n.-<\/em><\/font><\/div>\n","protected":false},"excerpt":{"rendered":"<div class=\"mh-excerpt\"><p>Informamos a todo el Pueblo de Dios que este s\u00e1bado 24 de mayo a las 19.30 en la Parroquia \u201cMar\u00eda Madre de Dios\u201d de Reconquista, <a class=\"mh-excerpt-more\" href=\"https:\/\/www.obispadorqta.org.ar\/v3\/nuevo-vicario-parroquial-maria-madre-de-dios\/\" title=\"Nuevo Vicario Parroquial Mar\u00eda Madre de Dios\">[&#8230;]<\/a><\/p>\n<\/div>","protected":false},"author":1,"featured_media":0,"comment_status":"open","ping_status":"open","sticky":false,"template":"","format":"standard","meta":{"footnotes":""},"categories":[28],"tags":[],"class_list":["post-909","post","type-post","status-publish","format-standard","hentry","category-latest-news"],"_links":{"self":[{"href":"https:\/\/www.obispadorqta.org.ar\/v3\/wp-json\/wp\/v2\/posts\/909","targetHints":{"allow":["GET"]}}],"collection":[{"href":"https:\/\/www.obispadorqta.org.ar\/v3\/wp-json\/wp\/v2\/posts"}],"about":[{"href":"https:\/\/www.obispadorqta.org.ar\/v3\/wp-json\/wp\/v2\/types\/post"}],"author":[{"embeddable":true,"href":"https:\/\/www.obispadorqta.org.ar\/v3\/wp-json\/wp\/v2\/users\/1"}],"replies":[{"embeddable":true,"href":"https:\/\/www.obispadorqta.org.ar\/v3\/wp-json\/wp\/v2\/comments?post=909"}],"version-history":[{"count":0,"href":"https:\/\/www.obispadorqta.org.ar\/v3\/wp-json\/wp\/v2\/posts\/909\/revisions"}],"wp:attachment":[{"href":"https:\/\/www.obispadorqta.org.ar\/v3\/wp-json\/wp\/v2\/media?parent=909"}],"wp:term":[{"taxonomy":"category","embeddable":true,"href":"https:\/\/www.obispadorqta.org.ar\/v3\/wp-json\/wp\/v2\/categories?post=909"},{"taxonomy":"post_tag","embeddable":true,"href":"https:\/\/www.obispadorqta.org.ar\/v3\/wp-json\/wp\/v2\/tags?post=909"}],"curies":[{"name":"wp","href":"https:\/\/api.w.org\/{rel}","templated":true}]}}