{"id":913,"date":"2014-05-28T12:35:10","date_gmt":"2014-05-28T12:35:10","guid":{"rendered":"http:\/\/www.obispadorqta.org.ar\/v3\/proyecto-qla-alegria-de-compartirq\/"},"modified":"2014-05-28T12:35:10","modified_gmt":"2014-05-28T12:35:10","slug":"proyecto-qla-alegria-de-compartirq","status":"publish","type":"post","link":"https:\/\/www.obispadorqta.org.ar\/v3\/proyecto-qla-alegria-de-compartirq\/","title":{"rendered":"Proyecto \u00abLa Alegr\u00eda de Compartir\u00bb"},"content":{"rendered":"<p><!--[if gte mso 9]><xml>  <o:OfficeDocumentSettings>   <o:AllowPNG\/>  <\/o:OfficeDocumentSettings> <\/xml><![endif]-->  <\/p>\n<div style=\"text-align: center\"><img loading=\"lazy\" decoding=\"async\" src=\"https:\/\/scontent-b-mia.xx.fbcdn.net\/hphotos-xpf1\/t1.0-9\/s552x414\/10269568_641236932623888_5192476676919252436_n.jpg\" border=\"0\" width=\"263\" height=\"216\" \/><\/div>\n<div style=\"text-align: center\">\u00a0<\/div>\n<div align=\"left\" style=\"text-align: center\"><font color=\"#000000\">Caritas Parroquial de Avellaneda invita a toda la comunidad a la presentaci\u00f3n del <\/font><\/div>\n<div align=\"left\" style=\"text-align: center\"><font color=\"#000000\">Proyecto <strong><em>\u201cLA ALEGR\u00cdA DE COMPARTIR\u201d.<\/em><\/strong><\/font><\/div>\n<div align=\"justify\" style=\"text-align: center\"><font color=\"#000000\"><br \/>La convocatoria es el d\u00eda <strong>viernes 30 de mayo a las 18.30 hs.<\/strong> <\/font><\/div>\n<div align=\"justify\" style=\"text-align: center\"><font color=\"#000000\">en el Sal\u00f3n Parroquial de Avellaneda. <\/font><\/div>\n<div align=\"justify\" style=\"text-align: center\"><font color=\"#000000\">Contar\u00e1 con la presencia de nuestro Obispo Diocesano, Mons. \u00c1ngel Jos\u00e9 Mac\u00edn.<\/font><\/div>\n<div style=\"text-align: center\"><font style=\"font-size: 14px\" color=\"#000000\"><br \/>Los esperamos, porque si nos unimos con generosidad, <\/font><\/div>\n<div style=\"text-align: center\"><font style=\"font-size: 14px\" color=\"#000000\">ayudamos a quienes necesitan una vivienda.<\/font><\/div>\n","protected":false},"excerpt":{"rendered":"<div class=\"mh-excerpt\"><p>\u00a0 Caritas Parroquial de Avellaneda invita a toda la comunidad a la presentaci\u00f3n del Proyecto \u201cLA ALEGR\u00cdA DE COMPARTIR\u201d. La convocatoria es el d\u00eda viernes <a class=\"mh-excerpt-more\" href=\"https:\/\/www.obispadorqta.org.ar\/v3\/proyecto-qla-alegria-de-compartirq\/\" title=\"Proyecto \u00abLa Alegr\u00eda de Compartir\u00bb\">[&#8230;]<\/a><\/p>\n<\/div>","protected":false},"author":1,"featured_media":0,"comment_status":"open","ping_status":"open","sticky":false,"template":"","format":"standard","meta":{"footnotes":""},"categories":[28],"tags":[],"class_list":["post-913","post","type-post","status-publish","format-standard","hentry","category-latest-news"],"_links":{"self":[{"href":"https:\/\/www.obispadorqta.org.ar\/v3\/wp-json\/wp\/v2\/posts\/913","targetHints":{"allow":["GET"]}}],"collection":[{"href":"https:\/\/www.obispadorqta.org.ar\/v3\/wp-json\/wp\/v2\/posts"}],"about":[{"href":"https:\/\/www.obispadorqta.org.ar\/v3\/wp-json\/wp\/v2\/types\/post"}],"author":[{"embeddable":true,"href":"https:\/\/www.obispadorqta.org.ar\/v3\/wp-json\/wp\/v2\/users\/1"}],"replies":[{"embeddable":true,"href":"https:\/\/www.obispadorqta.org.ar\/v3\/wp-json\/wp\/v2\/comments?post=913"}],"version-history":[{"count":0,"href":"https:\/\/www.obispadorqta.org.ar\/v3\/wp-json\/wp\/v2\/posts\/913\/revisions"}],"wp:attachment":[{"href":"https:\/\/www.obispadorqta.org.ar\/v3\/wp-json\/wp\/v2\/media?parent=913"}],"wp:term":[{"taxonomy":"category","embeddable":true,"href":"https:\/\/www.obispadorqta.org.ar\/v3\/wp-json\/wp\/v2\/categories?post=913"},{"taxonomy":"post_tag","embeddable":true,"href":"https:\/\/www.obispadorqta.org.ar\/v3\/wp-json\/wp\/v2\/tags?post=913"}],"curies":[{"name":"wp","href":"https:\/\/api.w.org\/{rel}","templated":true}]}}